{"id":6190,"date":"2013-08-06T00:00:00","date_gmt":"2013-08-06T00:00:00","guid":{"rendered":"https:\/\/cecubogroup.com\/?p=6190"},"modified":"2021-04-05T16:32:16","modified_gmt":"2021-04-05T16:32:16","slug":"una-utopia-llamada-capitalismo-i-algunas-cuestiones-iniciales","status":"publish","type":"post","link":"https:\/\/www.cecubogroup.com\/pt\/blog\/una-utopia-llamada-capitalismo-i-algunas-cuestiones-iniciales\/","title":{"rendered":"Uma \"utopia\" chamada capitalismo (I)* Algumas quest\u00f5es iniciais"},"content":{"rendered":"<p>Vejamos alguns casos que explicam por que raz\u00e3o a situa\u00e7\u00e3o atual n\u00e3o pode ser levada a s\u00e9rio:<\/p>\n<blockquote>\n<p>O BBVA facturou 2.882 milh\u00f5es de euros no primeiro semestre do ano, mais 72% do que em todo o ano de 2012. O Santander, por seu turno, \"apenas\" facturou 2.255 milh\u00f5es de euros, mais 28,91 PT3T do que em igual per\u00edodo do ano anterior;<\/p>\n<p>O FROB (Fundo de Reestrutura\u00e7\u00e3o Ordenada dos Bancos) amortiza 36.931 milh\u00f5es de euros dos 52.000 milh\u00f5es injectados nos bancos. Conv\u00e9m recordar que o FROB anula o dinheiro; os contribuintes tamb\u00e9m. Mas os cerca de 40 mil milh\u00f5es fornecidos pela UE ter\u00e3o de ser reembolsados. Vamos ver como. \u00c9 imposs\u00edvel esquecer os cantos de sereia que diziam que <strong>l<a href=\"http:\/\/www.publico.es\/436800\/rajoy-insiste-en-que-el-rescate-lo-pagara-la-banca\" style=\"margin: 0px; padding: 0px; border: 0px; vertical-align: baseline; outline: none; color: rgb(51, 51, 51); text-decoration-line: none;\" target=\"_blank\" rel=\"noopener\">O banco assumiria o reembolso dos empr\u00e9stimos concedidos.<\/a>;<\/strong><\/p>\n<p>Um relat\u00f3rio da Autoridade Banc\u00e1ria Europeia afirma que <strong><a href=\"http:\/\/www.elmundo.es\/elmundo\/2013\/07\/15\/economia\/1373908820.html\" style=\"margin: 0px; padding: 0px; border: 0px; vertical-align: baseline; outline: none; color: rgb(51, 51, 51); text-decoration-line: none;\" target=\"_blank\" rel=\"noopener\">a remunera\u00e7\u00e3o m\u00e9dia dos 125 banqueiros espanh\u00f3is mais bem pagos era de 2,4 milh\u00f5es de euros por pessoa, a mais elevada da UE.<\/a><\/strong>;<\/p>\n<p>O \"banco mau\" (Sareb), perante a constata\u00e7\u00e3o material de que n\u00e3o \u00e9 poss\u00edvel vender a pre\u00e7o de mercado as habita\u00e7\u00f5es inacabadas, compromete-se a demolir uma parte substancial desta massa habitacional para conseguir uma subida dos pre\u00e7os de compra e uma estabiliza\u00e7\u00e3o do mercado imobili\u00e1rio. Uma solu\u00e7\u00e3o l\u00f3gica, dado que o acesso (e a manuten\u00e7\u00e3o) \u00e0 habita\u00e7\u00e3o \u00e9 uma quest\u00e3o totalmente resolvida em Espanha....;<\/p>\n<p>O FMI afirma, sem qualquer pudor, que os c\u00e1lculos aplic\u00e1veis \u00e0 Gr\u00e9cia eram incorrectos. N\u00e3o s\u00f3 a aposta liberalizadora dinamitou as condi\u00e7\u00f5es de vida dos gregos, como tamb\u00e9m a d\u00edvida p\u00fablica atingiu 170% do PIB em 2011, quando em 2009 era inferior a 130%. No entanto, o FMI continuar\u00e1 a afundar os pa\u00edses como sempre o fez {1}. Que ningu\u00e9m se esque\u00e7a de que \u00e9 essa a sua miss\u00e3o;<\/p>\n<p>No entanto, o <strong><a href=\"http:\/\/ep00.epimg.net\/descargables\/2013\/08\/02\/684d6beed3c74ef8f772d75c6b286815.pdf\" style=\"margin: 0px; padding: 0px; border: 0px; vertical-align: baseline; outline: none; color: rgb(51, 51, 51); text-decoration-line: none;\" target=\"_blank\" rel=\"noopener\">roteiro ditado pelo FMI<\/a><\/strong> para Espanha vai no mesmo sentido: sal\u00e1rios mais baixos, maior flexibilidade no mercado de trabalho, melhoria da competitividade, liberaliza\u00e7\u00e3o progressiva da economia, novas medidas de austeridade, etc. Mesmo assim, adverte que o desemprego n\u00e3o vai baixar nos pr\u00f3ximos anos;<\/p>\n<p>O Parlamento autoriza a inscri\u00e7\u00e3o de uma dota\u00e7\u00e3o extraordin\u00e1ria no or\u00e7amento corrente do Minist\u00e9rio da Defesa para fazer face ao pagamento de obriga\u00e7\u00f5es correspondentes a programas especiais de armamento e material, <strong><a href=\"https:\/\/www.boe.es\/boe\/dias\/2013\/07\/27\/pdfs\/BOE-A-2013-8188.pdf\" style=\"margin: 0px; padding: 0px; border: 0px; vertical-align: baseline; outline: none; color: rgb(51, 51, 51); text-decoration-line: none;\" target=\"_blank\" rel=\"noopener\">877.334.595,95 euros.<\/a><\/strong>Na mesma semana em que o Centro Superior de Investigaciones Cient\u00edficas (CSIC) afirma precisar de 75 milh\u00f5es de euros para evitar o encerramento. \u00c9 claro que \"este cr\u00e9dito extraordin\u00e1rio concedido no or\u00e7amento do Minist\u00e9rio da Defesa ser\u00e1 financiado com D\u00edvida P\u00fablica\"{2} ;<\/p>\n<p>As equipas de futebol (Sociedades An\u00f3nimas Deportivas [SAD]) acumulam uma d\u00edvida de mais de 500 milh\u00f5es com o Tesouro. Este montante n\u00e3o inclui as d\u00edvidas do Real Madrid, Barcelona, Athletic de Bilbao e Osasuna, pelo que o valor ser\u00e1 consideravelmente superior;<\/p>\n<p>Os pa\u00edses europeus impedem o tr\u00e2nsito no seu espa\u00e7o a\u00e9reo de um Presidente da Rep\u00fablica porque os Estados Unidos (que os espiavam) suspeitam que o espi\u00e3o que denunciou as pr\u00e1ticas ilegais de Washington poderia estar nesse avi\u00e3o.<\/p>\n<\/blockquote>\n<p>Chamem-me louco, mas, \u00e0 primeira vista, a situa\u00e7\u00e3o n\u00e3o \u00e9 grave.<br \/>\nA pergunta seguinte deveria ser: \u00e9 catastr\u00f3fico? A resposta n\u00e3o pode ser hesitante: \u00e9 claro que \u00e9.<\/p>\n<p>H\u00e1 alguns anos, Santiago Alba Rico publicou um artigo intitulado <strong><a href=\"http:\/\/www.rebelion.org\/noticia.php?id=75269\" style=\"margin: 0px; padding: 0px; border: 0px; vertical-align: baseline; outline: none; color: rgb(51, 51, 51); text-decoration-line: none;\" target=\"_blank\" rel=\"noopener\">A superioridade do capitalismo<\/a><\/strong>que partiu da base da diferencia\u00e7\u00e3o entre o que \u00e9 considerado uma crise capitalista e o que n\u00e3o \u00e9. Para al\u00e9m de recomendar o artigo, extraio uma cita\u00e7\u00e3o esclarecedora<\/p>\n<p>\"Falamos de crise capitalista quando matar \u00e0 fome 950 milh\u00f5es de pessoas, manter 4700 milh\u00f5es na pobreza, condenar 80% do planeta ao desemprego ou \u00e0 precariedade, deixar 45% da popula\u00e7\u00e3o mundial sem \u00e1gua e 50% sem saneamento, derreter os p\u00f3los, negar ajuda \u00e0s crian\u00e7as e matar \u00e1rvores e ursos, j\u00e1 n\u00e3o \u00e9 suficientemente lucrativo para 1000 empresas multinacionais e 2500 mil milion\u00e1rios.\"<\/p>\n<p>Apesar de ser muito sint\u00e9tico e, por extens\u00e3o, redutor, acerta em cheio em certas quest\u00f5es que t\u00eam surgido nos \u00faltimos anos. E ajuda-nos a ter a certeza de que estamos a caminhar para uma cat\u00e1strofe. Uma indica\u00e7\u00e3o clara \u00e9 que <strong><a href=\"http:\/\/actualidad.rt.com\/economia\/view\/100621-personas-ricas-desigualdad-pobres-crisis\" style=\"margin: 0px; padding: 0px; border: 0px; vertical-align: baseline; outline: none; color: rgb(51, 51, 51); text-decoration-line: none;\" target=\"_blank\" rel=\"noopener\">200 bilion\u00e1rios acumulam mais riqueza do que 3,5 mil milh\u00f5es de pessoas<\/a>.<\/strong><\/p>\n<\/p>\n<p><strong>Algumas reflex\u00f5es sobre o capitalismo<\/strong><\/p>\n<p>Como \u00e9 que esta situa\u00e7\u00e3o \u00e9 poss\u00edvel? A explica\u00e7\u00e3o resumida \u00e9 que a din\u00e2mica do capitalismo tem sido aceite como um facto \"objetivo\", \"natural\". Por outras palavras, a acumula\u00e7\u00e3o de riqueza e a mis\u00e9ria que a acompanha foram demonstradas como consequ\u00eancias normais do desenvolvimento normal do capitalismo e, al\u00e9m disso (e sobre este axioma assenta toda a sua arquitetura ideol\u00f3gica), \u00e9 o sistema que melhor se adapta \u00e0 natureza humana. As refer\u00eancias a Hobbes, a Adam Smith, \u00e0 concorr\u00eancia, ao instinto primordial de sobreviv\u00eancia, etc., criaram um esquema mental que associa todas as injusti\u00e7as inerentes ao capitalismo a comportamentos imperfeitos da pr\u00f3pria natureza humana. As mortes evit\u00e1veis, a destrui\u00e7\u00e3o constante da Terra, a gesta\u00e7\u00e3o de problemas incontrol\u00e1veis, etc., foram assumidas como normais ou secund\u00e1rias pela grande maioria, com o objetivo (ainda que adocicado) de maximizar a riqueza de um punhado de privilegiados. \u00c9 surpreendente ver o n\u00edvel de docilidade que tem sido incutido atrav\u00e9s de diferentes mecanismos {3} em sociedades que se dizem avan\u00e7adas.<\/p>\n<p>De facto, a personagem <<natural&gt;&gt; do sistema \u00e9 levado um passo adiante, geralmente destitu\u00eddo (deliberada e falsamente) de qualquer carga ideol\u00f3gica e sua validade reduzida a meras quest\u00f5es de efici\u00eancia. Esta vis\u00e3o do capitalismo como uma converg\u00eancia de efici\u00eancia t\u00e9cnica e transposi\u00e7\u00e3o da ess\u00eancia humana forjou o seu atual n\u00edvel de aceita\u00e7\u00e3o {4}.<\/p>\n<p>No entanto, a apresenta\u00e7\u00e3o de um sistema totalizante como o capitalismo em termos t\u00e9cnicos deve ser totalmente rejeitada, porque estas opera\u00e7\u00f5es n\u00e3o ideol\u00f3gicas s\u00e3o o germe da aceita\u00e7\u00e3o das suas consequ\u00eancias e do seu funcionamento injusto como <<hechos naturales&gt;&gt;.<\/p>\n<p>Neste ponto, talvez seja interessante perguntar por que raz\u00e3o um sistema que gera e regenera a desigualdade, a explora\u00e7\u00e3o e a mis\u00e9ria pode gozar de tanta aceita\u00e7\u00e3o e espalhar-se por todo o globo, quando a percentagem dos que efetivamente beneficiam dele \u00e9 min\u00fascula. Badiou e Zizek apontam para o facto de se tratar de uma constela\u00e7\u00e3o ideol\u00f3gica <<privadO mundo&gt;&gt; que destotaliza o seu sentido: \u00e9 capaz de se apresentar como adequado a qualquer civiliza\u00e7\u00e3o, cultura ou pa\u00eds {5}. No entanto, tem um grande cavalo de Troia embutido no seu ADN: a mercantiliza\u00e7\u00e3o e a consequente sacraliza\u00e7\u00e3o da mercadoria. E este \u00e9 o ponto crucial, o n\u00f3 g\u00f3rdio. A mercadoria \u00e9 o pecado original do capitalismo.<\/p>\n<p>Tentaremos aprofundar este assunto na pr\u00f3xima entrada.<\/p>\n<p>&#8212;&#8212;&#8212;&#8212;&#8212;&#8212;&#8211;<\/p>\n<h6>[Este \u00e9 o primeiro de uma sequ\u00eancia de entradas que constituem um \u00fanico artigo. Devido \u00e0 sua extens\u00e3o, optou-se por public\u00e1-lo em sec\u00e7\u00f5es.<\/h6>\n<h6><em> <em>[Um estudo que demonstra claramente esta realidade \u00e9 o que foi apresentado em 2008 com o t\u00edtulo <a href=\"http:\/\/www.plosmedicine.org\/article\/info%3Adoi%2F10.1371%2Fjournal.pmed.0050143\" style=\"margin: 0px; padding: 0px; border: 0px; vertical-align: baseline; outline: none; color: rgb(51, 51, 51); text-decoration-line: none;\"><strong><em>Programas do Fundo Monet\u00e1rio Internacional e resultados da tuberculose nos pa\u00edses p\u00f3s-comunistas<\/em><\/strong><\/a><strong><em>. <\/em><\/strong>Nele, verificou-se que as prescri\u00e7\u00f5es do FMI aumentaram a mortalidade em 4,11Tbp3T.<\/em><\/em><\/h6>\n<h6><em>[Esta not\u00edcia pode ser ainda menos grave se tivermos em conta outro acontecimento recente no dom\u00ednio da Defesa: o primeiro submarino da classe S-80 (dos quatro previstos) foi adiado devido a um problema \"t\u00e9cnico\". Uma empresa de consultoria pertencente \u00e0 General Dynamics acaba de emitir um relat\u00f3rio (com um custo de 14 milh\u00f5es de euros) em que alerta para o facto de o submarino, em estado avan\u00e7ado de constru\u00e7\u00e3o, ter um <strong>problema de excesso de peso de um 8%<\/strong>. O montante inicial dos quatro brinquedos \u00e9 de 2,135 milh\u00f5es de euros, um montante que os v\u00e1rios contratempos obrigar\u00e3o a aumentar.<\/em><em><a href=\"http:\/\/www.revistatenea.es\/RevistaAtenea\/REVISTA\/articulos\/GestionNoticias_14230_ESP.asp\" style=\"margin: 0px; padding: 0px; border: 0px; vertical-align: baseline; outline: none; color: rgb(51, 51, 51); text-decoration-line: none;\">http:\/\/www.revistatenea.es\/RevistaAtenea\/REVISTA\/articulos\/GestionNoticias_14230_ESP.asp<\/a>.<\/em><\/h6>\n<h6>Mas se quisermos levar isto a s\u00e9rio, n\u00e3o resisto a referir que a exposi\u00e7\u00e3o e o documento de apresenta\u00e7\u00e3o, que explicava as virtudes desta (entre outras) \"joia(s)\" da rede militar-industrial, se intitulava <span style=\"font-size:12px\"><a href=\"http:\/\/www.armada.mde.es\/html\/semana-naval\/CUADERNILLO_FINAL.pdf\" style=\"margin: 0px; padding: 0px; border: 0px; vertical-align: baseline; outline: none; color: rgb(51, 51, 51); text-decoration-line: none;\"><em>Marinha espanhola. Um investimento seguro<\/em><\/a><\/span><\/h6>\n<h6>[3] Dois elementos muito interessantes: do ponto de vista da <em>fabrico de consentimento<\/em>Goebbels teve dois professores dignos em Edward Bernays e Walter Lippmann; do ponto de vista da psicologia, as contribui\u00e7\u00f5es de Seligman sobre a aceita\u00e7\u00e3o da fatalidade e da submiss\u00e3o s\u00e3o particularmente relevantes em termos de aceita\u00e7\u00e3o da fatalidade e da submiss\u00e3o. <em>Desamparo aprendido<\/em><\/h6>\n<h6>[4] Para n\u00e3o falar de todos os danos causados nas \u00faltimas d\u00e9cadas pelas intoxica\u00e7\u00f5es de Fukuyama (e dos seus seguidores) sobre <em>O fim da hist\u00f3ria<\/em><\/h6>\n<h6>[5] Uma tal explica\u00e7\u00e3o, convenientemente manipulada ou mal interpretada, poderia dar lugar ao reconhecimento da natureza <<universal&gt;&gt; do capitalismo. Nada poderia estar mais longe da verdade: o capitalismo, no m\u00e1ximo, pode, atrav\u00e9s da sua expans\u00e3o, ter alcan\u00e7ado o estatuto de <<global&gt;&gt;, mas nunca ser\u00e1 <<universal&gt;&gt;.<\/h6>","protected":false},"excerpt":{"rendered":"<p>Tenho de admitir que tenho uma grande admira\u00e7\u00e3o por Slavoj Zizek. Acho-o brilhante em todos os sentidos da palavra.<\/p>\n<p>Aproveitando o seu sarcasmo, vou usar uma anedota que ele contou como introdu\u00e7\u00e3o para nos trazer \u00e0 realidade atual: durante a Primeira Guerra Mundial, numa troca de telegramas entre alem\u00e3es e austr\u00edacos, os alem\u00e3es enviam a mensagem: \"Aqui, do nosso lado da frente, a situa\u00e7\u00e3o \u00e9 grave mas n\u00e3o catastr\u00f3fica\", ao que os austr\u00edacos respondem: \"Aqui, a situa\u00e7\u00e3o \u00e9 catastr\u00f3fica, mas n\u00e3o grave\".<br \/>\nSimp\u00e1tico? Possivelmente. Embora eu prefira chamar-lhe did\u00e1tico. Terr\u00edvel, at\u00e9.<\/p>","protected":false},"author":4,"featured_media":6445,"comment_status":"closed","ping_status":"closed","sticky":false,"template":"","format":"standard","meta":{"_et_pb_use_builder":"","_et_pb_old_content":"","_et_gb_content_width":""},"categories":[1],"tags":[],"yoast_head":"<!-- This site is optimized with the Yoast SEO plugin v16.7 - https:\/\/yoast.com\/wordpress\/plugins\/seo\/ -->\n<title>Una \u201cutop\u00eda\u201d llamada capitalismo (I)* Algunas cuestiones iniciales - Cecubo Group<\/title>\n<meta name=\"robots\" content=\"index, follow, max-snippet:-1, max-image-preview:large, max-video-preview:-1\" \/>\n<link rel=\"canonical\" href=\"https:\/\/www.cecubogroup.com\/pt\/blog\/una-utopia-llamada-capitalismo-i-algunas-cuestiones-iniciales\/\" \/>\n<meta property=\"og:locale\" content=\"pt_PT\" \/>\n<meta property=\"og:type\" content=\"article\" \/>\n<meta property=\"og:title\" content=\"Una \u201cutop\u00eda\u201d llamada capitalismo (I)* Algunas cuestiones iniciales - Cecubo Group\" \/>\n<meta property=\"og:description\" content=\"Tengo que reconocer que siento una gran admiraci\u00f3n por Slavoj Zizek. Me parece brillante en todas las dimensiones de la palabra.  Aprovechando su sarcasmo, voy a utilizar una an\u00e9cdota contada por \u00e9l a modo de introducci\u00f3n para adentrarnos en la realidad actual: durante la Primera Guerra Mundial en un intercambio de telegramas entre alemanes y austriacos, los alemanes env\u00edan el mensaje: \u201cAqu\u00ed, en nuestro lado del frente, la situaci\u00f3n es seria pero no catastr\u00f3fica\u201d, a lo cual los austriacos responden: \u201cAqu\u00ed, la situaci\u00f3n es catastr\u00f3fica, pero no seria\u201d.  \u00bfSimp\u00e1tico? Posiblemente. Aunque m\u00e1s bien lo llamar\u00eda did\u00e1ctico. Incluso, terrible.\" \/>\n<meta property=\"og:url\" content=\"https:\/\/www.cecubogroup.com\/pt\/blog\/una-utopia-llamada-capitalismo-i-algunas-cuestiones-iniciales\/\" \/>\n<meta property=\"og:site_name\" content=\"Cecubo Group\" \/>\n<meta property=\"article:published_time\" content=\"2013-08-06T00:00:00+00:00\" \/>\n<meta property=\"article:modified_time\" content=\"2021-04-05T16:32:16+00:00\" \/>\n<meta name=\"twitter:card\" content=\"summary_large_image\" \/>\n<meta name=\"twitter:image\" content=\"https:\/\/www.cecubogroup.com\/wp-content\/uploads\/2021\/01\/middle_class-1508877419.jpg\" \/>\n<meta name=\"twitter:label1\" content=\"Escrito por\" \/>\n\t<meta name=\"twitter:data1\" content=\"\" \/>\n\t<meta name=\"twitter:label2\" content=\"Tempo estimado de leitura\" \/>\n\t<meta name=\"twitter:data2\" content=\"8 minutos\" \/>\n<script type=\"application\/ld+json\" class=\"yoast-schema-graph\">{\"@context\":\"https:\/\/schema.org\",\"@graph\":[{\"@type\":\"WebSite\",\"@id\":\"https:\/\/www.cecubogroup.com\/#website\",\"url\":\"https:\/\/www.cecubogroup.com\/\",\"name\":\"Cecubo Group\",\"description\":\"\",\"potentialAction\":[{\"@type\":\"SearchAction\",\"target\":{\"@type\":\"EntryPoint\",\"urlTemplate\":\"https:\/\/www.cecubogroup.com\/?s={search_term_string}\"},\"query-input\":\"required name=search_term_string\"}],\"inLanguage\":\"pt-PT\"},{\"@type\":\"ImageObject\",\"@id\":\"https:\/\/www.cecubogroup.com\/blog\/una-utopia-llamada-capitalismo-i-algunas-cuestiones-iniciales\/#primaryimage\",\"inLanguage\":\"pt-PT\",\"url\":\"https:\/\/www.cecubogroup.com\/wp-content\/uploads\/2021\/01\/middle_class-1508877419.jpg\",\"contentUrl\":\"https:\/\/www.cecubogroup.com\/wp-content\/uploads\/2021\/01\/middle_class-1508877419.jpg\",\"caption\":\"middle_class-1508877419.jpg\"},{\"@type\":\"WebPage\",\"@id\":\"https:\/\/www.cecubogroup.com\/blog\/una-utopia-llamada-capitalismo-i-algunas-cuestiones-iniciales\/#webpage\",\"url\":\"https:\/\/www.cecubogroup.com\/blog\/una-utopia-llamada-capitalismo-i-algunas-cuestiones-iniciales\/\",\"name\":\"Una \\u201cutop\\u00eda\\u201d llamada capitalismo (I)* Algunas cuestiones iniciales - Cecubo Group\",\"isPartOf\":{\"@id\":\"https:\/\/www.cecubogroup.com\/#website\"},\"primaryImageOfPage\":{\"@id\":\"https:\/\/www.cecubogroup.com\/blog\/una-utopia-llamada-capitalismo-i-algunas-cuestiones-iniciales\/#primaryimage\"},\"datePublished\":\"2013-08-06T00:00:00+00:00\",\"dateModified\":\"2021-04-05T16:32:16+00:00\",\"author\":{\"@id\":\"https:\/\/www.cecubogroup.com\/#\/schema\/person\/760d350d20cf7baed1d099d37d22936f\"},\"breadcrumb\":{\"@id\":\"https:\/\/www.cecubogroup.com\/blog\/una-utopia-llamada-capitalismo-i-algunas-cuestiones-iniciales\/#breadcrumb\"},\"inLanguage\":\"pt-PT\",\"potentialAction\":[{\"@type\":\"ReadAction\",\"target\":[\"https:\/\/www.cecubogroup.com\/blog\/una-utopia-llamada-capitalismo-i-algunas-cuestiones-iniciales\/\"]}]},{\"@type\":\"BreadcrumbList\",\"@id\":\"https:\/\/www.cecubogroup.com\/blog\/una-utopia-llamada-capitalismo-i-algunas-cuestiones-iniciales\/#breadcrumb\",\"itemListElement\":[{\"@type\":\"ListItem\",\"position\":1,\"name\":\"In\\u00edcio\",\"item\":\"https:\/\/www.cecubogroup.com\/\"},{\"@type\":\"ListItem\",\"position\":2,\"name\":\"Una \\u201cutop\\u00eda\\u201d llamada capitalismo (I)* Algunas cuestiones iniciales\"}]},{\"@type\":\"Person\",\"@id\":\"https:\/\/www.cecubogroup.com\/#\/schema\/person\/760d350d20cf7baed1d099d37d22936f\",\"name\":\"\",\"image\":{\"@type\":\"ImageObject\",\"@id\":\"https:\/\/www.cecubogroup.com\/#personlogo\",\"inLanguage\":\"pt-PT\",\"url\":\"https:\/\/secure.gravatar.com\/avatar\/?s=96&d=mm&r=g\",\"contentUrl\":\"https:\/\/secure.gravatar.com\/avatar\/?s=96&d=mm&r=g\"},\"url\":\"https:\/\/www.cecubogroup.com\/pt\/blog\/author\/\"}]}<\/script>\n<!-- \/ Yoast SEO plugin. -->","yoast_head_json":{"title":"Una \u201cutop\u00eda\u201d llamada capitalismo (I)* Algunas cuestiones iniciales - Cecubo Group","robots":{"index":"index","follow":"follow","max-snippet":"max-snippet:-1","max-image-preview":"max-image-preview:large","max-video-preview":"max-video-preview:-1"},"canonical":"https:\/\/www.cecubogroup.com\/pt\/blog\/una-utopia-llamada-capitalismo-i-algunas-cuestiones-iniciales\/","og_locale":"pt_PT","og_type":"article","og_title":"Una \u201cutop\u00eda\u201d llamada capitalismo (I)* Algunas cuestiones iniciales - Cecubo Group","og_description":"Tengo que reconocer que siento una gran admiraci\u00f3n por Slavoj Zizek. Me parece brillante en todas las dimensiones de la palabra.  Aprovechando su sarcasmo, voy a utilizar una an\u00e9cdota contada por \u00e9l a modo de introducci\u00f3n para adentrarnos en la realidad actual: durante la Primera Guerra Mundial en un intercambio de telegramas entre alemanes y austriacos, los alemanes env\u00edan el mensaje: \u201cAqu\u00ed, en nuestro lado del frente, la situaci\u00f3n es seria pero no catastr\u00f3fica\u201d, a lo cual los austriacos responden: \u201cAqu\u00ed, la situaci\u00f3n es catastr\u00f3fica, pero no seria\u201d.  \u00bfSimp\u00e1tico? Posiblemente. Aunque m\u00e1s bien lo llamar\u00eda did\u00e1ctico. Incluso, terrible.","og_url":"https:\/\/www.cecubogroup.com\/pt\/blog\/una-utopia-llamada-capitalismo-i-algunas-cuestiones-iniciales\/","og_site_name":"Cecubo Group","article_published_time":"2013-08-06T00:00:00+00:00","article_modified_time":"2021-04-05T16:32:16+00:00","twitter_card":"summary_large_image","twitter_image":"https:\/\/www.cecubogroup.com\/wp-content\/uploads\/2021\/01\/middle_class-1508877419.jpg","twitter_misc":{"Escrito por":"","Tempo estimado de leitura":"8 minutos"},"schema":{"@context":"https:\/\/schema.org","@graph":[{"@type":"WebSite","@id":"https:\/\/www.cecubogroup.com\/#website","url":"https:\/\/www.cecubogroup.com\/","name":"Cecubo Group","description":"","potentialAction":[{"@type":"SearchAction","target":{"@type":"EntryPoint","urlTemplate":"https:\/\/www.cecubogroup.com\/?s={search_term_string}"},"query-input":"required name=search_term_string"}],"inLanguage":"pt-PT"},{"@type":"ImageObject","@id":"https:\/\/www.cecubogroup.com\/blog\/una-utopia-llamada-capitalismo-i-algunas-cuestiones-iniciales\/#primaryimage","inLanguage":"pt-PT","url":"https:\/\/www.cecubogroup.com\/wp-content\/uploads\/2021\/01\/middle_class-1508877419.jpg","contentUrl":"https:\/\/www.cecubogroup.com\/wp-content\/uploads\/2021\/01\/middle_class-1508877419.jpg","caption":"middle_class-1508877419.jpg"},{"@type":"WebPage","@id":"https:\/\/www.cecubogroup.com\/blog\/una-utopia-llamada-capitalismo-i-algunas-cuestiones-iniciales\/#webpage","url":"https:\/\/www.cecubogroup.com\/blog\/una-utopia-llamada-capitalismo-i-algunas-cuestiones-iniciales\/","name":"Una \u201cutop\u00eda\u201d llamada capitalismo (I)* Algunas cuestiones iniciales - Cecubo Group","isPartOf":{"@id":"https:\/\/www.cecubogroup.com\/#website"},"primaryImageOfPage":{"@id":"https:\/\/www.cecubogroup.com\/blog\/una-utopia-llamada-capitalismo-i-algunas-cuestiones-iniciales\/#primaryimage"},"datePublished":"2013-08-06T00:00:00+00:00","dateModified":"2021-04-05T16:32:16+00:00","author":{"@id":"https:\/\/www.cecubogroup.com\/#\/schema\/person\/760d350d20cf7baed1d099d37d22936f"},"breadcrumb":{"@id":"https:\/\/www.cecubogroup.com\/blog\/una-utopia-llamada-capitalismo-i-algunas-cuestiones-iniciales\/#breadcrumb"},"inLanguage":"pt-PT","potentialAction":[{"@type":"ReadAction","target":["https:\/\/www.cecubogroup.com\/blog\/una-utopia-llamada-capitalismo-i-algunas-cuestiones-iniciales\/"]}]},{"@type":"BreadcrumbList","@id":"https:\/\/www.cecubogroup.com\/blog\/una-utopia-llamada-capitalismo-i-algunas-cuestiones-iniciales\/#breadcrumb","itemListElement":[{"@type":"ListItem","position":1,"name":"In\u00edcio","item":"https:\/\/www.cecubogroup.com\/"},{"@type":"ListItem","position":2,"name":"Una \u201cutop\u00eda\u201d llamada capitalismo (I)* Algunas cuestiones iniciales"}]},{"@type":"Person","@id":"https:\/\/www.cecubogroup.com\/#\/schema\/person\/760d350d20cf7baed1d099d37d22936f","name":"","image":{"@type":"ImageObject","@id":"https:\/\/www.cecubogroup.com\/#personlogo","inLanguage":"pt-PT","url":"https:\/\/secure.gravatar.com\/avatar\/?s=96&d=mm&r=g","contentUrl":"https:\/\/secure.gravatar.com\/avatar\/?s=96&d=mm&r=g"},"url":"https:\/\/www.cecubogroup.com\/pt\/blog\/author\/"}]}},"_links":{"self":[{"href":"https:\/\/www.cecubogroup.com\/pt\/wp-json\/wp\/v2\/posts\/6190"}],"collection":[{"href":"https:\/\/www.cecubogroup.com\/pt\/wp-json\/wp\/v2\/posts"}],"about":[{"href":"https:\/\/www.cecubogroup.com\/pt\/wp-json\/wp\/v2\/types\/post"}],"author":[{"embeddable":true,"href":"https:\/\/www.cecubogroup.com\/pt\/wp-json\/wp\/v2\/users\/4"}],"replies":[{"embeddable":true,"href":"https:\/\/www.cecubogroup.com\/pt\/wp-json\/wp\/v2\/comments?post=6190"}],"version-history":[{"count":1,"href":"https:\/\/www.cecubogroup.com\/pt\/wp-json\/wp\/v2\/posts\/6190\/revisions"}],"predecessor-version":[{"id":6678,"href":"https:\/\/www.cecubogroup.com\/pt\/wp-json\/wp\/v2\/posts\/6190\/revisions\/6678"}],"wp:featuredmedia":[{"embeddable":true,"href":"https:\/\/www.cecubogroup.com\/pt\/wp-json\/wp\/v2\/media\/6445"}],"wp:attachment":[{"href":"https:\/\/www.cecubogroup.com\/pt\/wp-json\/wp\/v2\/media?parent=6190"}],"wp:term":[{"taxonomy":"category","embeddable":true,"href":"https:\/\/www.cecubogroup.com\/pt\/wp-json\/wp\/v2\/categories?post=6190"},{"taxonomy":"post_tag","embeddable":true,"href":"https:\/\/www.cecubogroup.com\/pt\/wp-json\/wp\/v2\/tags?post=6190"}],"curies":[{"name":"wp","href":"https:\/\/api.w.org\/{rel}","templated":true}]}}