{"id":6204,"date":"2013-04-06T00:00:00","date_gmt":"2013-04-06T00:00:00","guid":{"rendered":"https:\/\/cecubogroup.com\/?p=6204"},"modified":"2021-04-05T16:30:38","modified_gmt":"2021-04-05T16:30:38","slug":"a-proposito-de-adios-historia-adios-de-manuel-cruz","status":"publish","type":"post","link":"https:\/\/www.cecubogroup.com\/pt\/blog\/a-proposito-de-adios-historia-adios-de-manuel-cruz\/","title":{"rendered":"Sobre... \"Adeus, Hist\u00f3ria, adeus\" de Manuel Cruz"},"content":{"rendered":"<p>Ou, pelo menos, assim foi, e assim, para nosso bem, deveria continuar a ser, mas acontece que n\u00e3o, acontece que o futuro, para os habitantes deste presente canibal (segundo a express\u00e3o de Hartog), j\u00e1 n\u00e3o \u00e9 o que era, j\u00e1 n\u00e3o \u00e9 o ecr\u00e3 dispon\u00edvel para a proje\u00e7\u00e3o do desejo, mas, pelo contr\u00e1rio, a pesada laje que amea\u00e7a esmagar-nos.<\/p>\n<p>O processo \u00e9 longo, mas acelerou-se vertiginosamente nos \u00faltimos anos do s\u00e9culo XX e nos primeiros anos do s\u00e9culo XXI, anos em que assistimos \u00e0 convers\u00e3o das ideias em cren\u00e7as (ou \u00e0 derrota da raz\u00e3o esclarecida), \u00e0 perda ou ao colapso de todas as narrativas produtoras de sentido (substitu\u00eddas por impulsos isolados de indigna\u00e7\u00e3o e raiva), ao recuo acanhado da Pol\u00edtica face aos poderes econ\u00f3micos, \u00e0 emerg\u00eancia de uma sociedade afastada do otimismo da vontade e entregue ao irrealismo da fatalidade.<\/p>\n<p>Na d\u00e9cada de 1990, <a href=\"http:\/\/es.wikipedia.org\/wiki\/Francis_Fukuyama\" style=\"margin: 0px; padding: 0px; border: 0px; vertical-align: baseline; outline: none; color: rgb(51, 51, 51); text-decoration-line: none;\" target=\"_blank\" rel=\"noopener\">Francis Fukuyama<\/a>ao fazer uma leitura neo-liberal de <a href=\"http:\/\/es.wikipedia.org\/wiki\/Hegel\" style=\"margin: 0px; padding: 0px; border: 0px; vertical-align: baseline; outline: none; color: rgb(51, 51, 51); text-decoration-line: none;\" target=\"_blank\" rel=\"noopener\">Hegel<\/a>ousou decretar o fim da hist\u00f3ria e o consequente e incontest\u00e1vel triunfo do capitalismo. Tratava-se, evidentemente, de um decreto intelectual, n\u00e3o de um decreto vinculativo, e a pr\u00f3pria hist\u00f3ria tem-se esfor\u00e7ado, desde ent\u00e3o, por contradiz\u00ea-lo com toda a esp\u00e9cie de acontecimentos. Poder\u00edamos ent\u00e3o pensar, como pensamos, que a sua previs\u00e3o era totalmente err\u00f3nea, a manifesta\u00e7\u00e3o de um desejo e n\u00e3o o resultado de uma an\u00e1lise, mas tamb\u00e9m poder\u00edamos, se mantiv\u00e9ssemos a nossa rela\u00e7\u00e3o atual com o futuro, ser obrigados a devolver-lhe um m\u00ednimo de raz\u00e3o e de corre\u00e7\u00e3o, isto \u00e9, se continuarmos a cair no des\u00e2nimo, se continuarmos a cair no des\u00e2nimo: se continuarmos a cair languidamente no molicismo deste presentismo voraz que arrasta o futuro para a sua pr\u00f3pria pobreza e consome o passado segundo os seus pr\u00f3prios interesses, seremos obrigados a reconhecer que, se a Hist\u00f3ria n\u00e3o acabou, pelo menos abandon\u00e1mo-la como refer\u00eancia e como modelo. N\u00e3o \u00e9 uma Hist\u00f3ria acabada, \u00e9 uma Hist\u00f3ria abandonada, e ao abandon\u00e1-la, ao sair do seu curso, ao sair da sua continuidade, estamos expostos \u00e0 ocorr\u00eancia abrupta da cat\u00e1strofe, \u00e0 intrus\u00e3o intempestiva do acidente.<\/p>\n<p>Cruz parece pessimista, mas creio que n\u00e3o pode haver pessimismo na lucidez e o seu livro, que motivou estas notas, \u00e9 um exerc\u00edcio l\u00facido e, por isso, determinado a encurralar todas essas sombras que nos deprimem.<\/p>\n<p>Termino recomendando a sua leitura e qualificando a frase com que iniciei este artigo: o futuro tamb\u00e9m pode e deve ser previsto, e n\u00e3o no sentido de antecipar o conhecimento do inevit\u00e1vel, mas no sentido de configurar imaginativamente a sua constru\u00e7\u00e3o.<\/p>\n<p><a href=\"http:\/\/www.casadellibro.com\/libro-adios-historia-adios-el-abandono-del-pasado-en-el-mundo-actual-premio-internacional-de-ensayo-jovellanos-2012\/9788484596721\/2002363\" style=\"margin: 0px; padding: 0px; border: 0px; vertical-align: baseline; outline: none; color: rgb(51, 51, 51); text-decoration-line: none;\" target=\"_blank\" rel=\"noopener\">\"Adeus, hist\u00f3ria, adeus. El abandono del pasado en el mundo atual\", Manuel Cruz, Ediciones Nobel, Oviedo, 2012.<\/a>. Pr\u00e9mio Internacional de Ensaio Jovellanos 2012.<\/p>","protected":false},"excerpt":{"rendered":"<p>O fil\u00f3sofo Manuel Cruz diz que o futuro n\u00e3o se prev\u00ea, produz-se, e esclarece que este ser produzido n\u00e3o se refere a acontecimentos supervenientes, mas aos criados. O futuro \u00e9, portanto, uma cria\u00e7\u00e3o, uma constru\u00e7\u00e3o organizada a partir da esperan\u00e7a. <\/p>","protected":false},"author":4,"featured_media":6459,"comment_status":"closed","ping_status":"closed","sticky":false,"template":"","format":"standard","meta":{"_et_pb_use_builder":"","_et_pb_old_content":"","_et_gb_content_width":""},"categories":[1],"tags":[],"yoast_head":"<!-- This site is optimized with the Yoast SEO plugin v16.7 - https:\/\/yoast.com\/wordpress\/plugins\/seo\/ -->\n<title>A prop\u00f3sito de... &quot;Adi\u00f3s, Historia, adi\u00f3s&quot; de Manuel Cruz - Cecubo Group<\/title>\n<meta name=\"robots\" content=\"index, follow, max-snippet:-1, max-image-preview:large, max-video-preview:-1\" \/>\n<link rel=\"canonical\" href=\"https:\/\/www.cecubogroup.com\/pt\/blog\/a-proposito-de-adios-historia-adios-de-manuel-cruz\/\" \/>\n<meta property=\"og:locale\" content=\"pt_PT\" \/>\n<meta property=\"og:type\" content=\"article\" \/>\n<meta property=\"og:title\" content=\"A prop\u00f3sito de... &quot;Adi\u00f3s, Historia, adi\u00f3s&quot; de Manuel Cruz - Cecubo Group\" \/>\n<meta property=\"og:description\" content=\"Dice el fil\u00f3sofo Manuel Cruz que el futuro no se predice, se produce, y aclara que ese producirse no se refiere a los hechos sobrevenidos sino a los creados. El futuro es, por lo tanto, una creaci\u00f3n, una construcci\u00f3n organizada sobre la esperanza.\" \/>\n<meta property=\"og:url\" content=\"https:\/\/www.cecubogroup.com\/pt\/blog\/a-proposito-de-adios-historia-adios-de-manuel-cruz\/\" \/>\n<meta property=\"og:site_name\" content=\"Cecubo Group\" \/>\n<meta property=\"article:published_time\" content=\"2013-04-06T00:00:00+00:00\" \/>\n<meta property=\"article:modified_time\" content=\"2021-04-05T16:30:38+00:00\" \/>\n<meta name=\"twitter:card\" content=\"summary_large_image\" \/>\n<meta name=\"twitter:image\" content=\"https:\/\/www.cecubogroup.com\/wp-content\/uploads\/2021\/01\/manuel_cruz-1508864858.jpg\" \/>\n<meta name=\"twitter:label1\" content=\"Escrito por\" \/>\n\t<meta name=\"twitter:data1\" content=\"\" \/>\n\t<meta name=\"twitter:label2\" content=\"Tempo estimado de leitura\" \/>\n\t<meta name=\"twitter:data2\" content=\"2 minutos\" \/>\n<script type=\"application\/ld+json\" class=\"yoast-schema-graph\">{\"@context\":\"https:\/\/schema.org\",\"@graph\":[{\"@type\":\"WebSite\",\"@id\":\"https:\/\/www.cecubogroup.com\/#website\",\"url\":\"https:\/\/www.cecubogroup.com\/\",\"name\":\"Cecubo Group\",\"description\":\"\",\"potentialAction\":[{\"@type\":\"SearchAction\",\"target\":{\"@type\":\"EntryPoint\",\"urlTemplate\":\"https:\/\/www.cecubogroup.com\/?s={search_term_string}\"},\"query-input\":\"required name=search_term_string\"}],\"inLanguage\":\"pt-PT\"},{\"@type\":\"ImageObject\",\"@id\":\"https:\/\/www.cecubogroup.com\/blog\/a-proposito-de-adios-historia-adios-de-manuel-cruz\/#primaryimage\",\"inLanguage\":\"pt-PT\",\"url\":\"https:\/\/www.cecubogroup.com\/wp-content\/uploads\/2021\/01\/manuel_cruz-1508864858.jpg\",\"contentUrl\":\"https:\/\/www.cecubogroup.com\/wp-content\/uploads\/2021\/01\/manuel_cruz-1508864858.jpg\",\"caption\":\"manuel_cruz-1508864858.jpg\"},{\"@type\":\"WebPage\",\"@id\":\"https:\/\/www.cecubogroup.com\/blog\/a-proposito-de-adios-historia-adios-de-manuel-cruz\/#webpage\",\"url\":\"https:\/\/www.cecubogroup.com\/blog\/a-proposito-de-adios-historia-adios-de-manuel-cruz\/\",\"name\":\"A prop\\u00f3sito de... \\\"Adi\\u00f3s, Historia, adi\\u00f3s\\\" de Manuel Cruz - Cecubo Group\",\"isPartOf\":{\"@id\":\"https:\/\/www.cecubogroup.com\/#website\"},\"primaryImageOfPage\":{\"@id\":\"https:\/\/www.cecubogroup.com\/blog\/a-proposito-de-adios-historia-adios-de-manuel-cruz\/#primaryimage\"},\"datePublished\":\"2013-04-06T00:00:00+00:00\",\"dateModified\":\"2021-04-05T16:30:38+00:00\",\"author\":{\"@id\":\"https:\/\/www.cecubogroup.com\/#\/schema\/person\/760d350d20cf7baed1d099d37d22936f\"},\"breadcrumb\":{\"@id\":\"https:\/\/www.cecubogroup.com\/blog\/a-proposito-de-adios-historia-adios-de-manuel-cruz\/#breadcrumb\"},\"inLanguage\":\"pt-PT\",\"potentialAction\":[{\"@type\":\"ReadAction\",\"target\":[\"https:\/\/www.cecubogroup.com\/blog\/a-proposito-de-adios-historia-adios-de-manuel-cruz\/\"]}]},{\"@type\":\"BreadcrumbList\",\"@id\":\"https:\/\/www.cecubogroup.com\/blog\/a-proposito-de-adios-historia-adios-de-manuel-cruz\/#breadcrumb\",\"itemListElement\":[{\"@type\":\"ListItem\",\"position\":1,\"name\":\"In\\u00edcio\",\"item\":\"https:\/\/www.cecubogroup.com\/\"},{\"@type\":\"ListItem\",\"position\":2,\"name\":\"A prop\\u00f3sito de&#8230; &#8220;Adi\\u00f3s, Historia, adi\\u00f3s&#8221; de Manuel Cruz\"}]},{\"@type\":\"Person\",\"@id\":\"https:\/\/www.cecubogroup.com\/#\/schema\/person\/760d350d20cf7baed1d099d37d22936f\",\"name\":\"\",\"image\":{\"@type\":\"ImageObject\",\"@id\":\"https:\/\/www.cecubogroup.com\/#personlogo\",\"inLanguage\":\"pt-PT\",\"url\":\"https:\/\/secure.gravatar.com\/avatar\/?s=96&d=mm&r=g\",\"contentUrl\":\"https:\/\/secure.gravatar.com\/avatar\/?s=96&d=mm&r=g\"},\"url\":\"https:\/\/www.cecubogroup.com\/pt\/blog\/author\/\"}]}<\/script>\n<!-- \/ Yoast SEO plugin. -->","yoast_head_json":{"title":"A prop\u00f3sito de... \"Adi\u00f3s, Historia, adi\u00f3s\" de Manuel Cruz - Cecubo Group","robots":{"index":"index","follow":"follow","max-snippet":"max-snippet:-1","max-image-preview":"max-image-preview:large","max-video-preview":"max-video-preview:-1"},"canonical":"https:\/\/www.cecubogroup.com\/pt\/blog\/a-proposito-de-adios-historia-adios-de-manuel-cruz\/","og_locale":"pt_PT","og_type":"article","og_title":"A prop\u00f3sito de... \"Adi\u00f3s, Historia, adi\u00f3s\" de Manuel Cruz - Cecubo Group","og_description":"Dice el fil\u00f3sofo Manuel Cruz que el futuro no se predice, se produce, y aclara que ese producirse no se refiere a los hechos sobrevenidos sino a los creados. El futuro es, por lo tanto, una creaci\u00f3n, una construcci\u00f3n organizada sobre la esperanza.","og_url":"https:\/\/www.cecubogroup.com\/pt\/blog\/a-proposito-de-adios-historia-adios-de-manuel-cruz\/","og_site_name":"Cecubo Group","article_published_time":"2013-04-06T00:00:00+00:00","article_modified_time":"2021-04-05T16:30:38+00:00","twitter_card":"summary_large_image","twitter_image":"https:\/\/www.cecubogroup.com\/wp-content\/uploads\/2021\/01\/manuel_cruz-1508864858.jpg","twitter_misc":{"Escrito por":"","Tempo estimado de leitura":"2 minutos"},"schema":{"@context":"https:\/\/schema.org","@graph":[{"@type":"WebSite","@id":"https:\/\/www.cecubogroup.com\/#website","url":"https:\/\/www.cecubogroup.com\/","name":"Cecubo Group","description":"","potentialAction":[{"@type":"SearchAction","target":{"@type":"EntryPoint","urlTemplate":"https:\/\/www.cecubogroup.com\/?s={search_term_string}"},"query-input":"required name=search_term_string"}],"inLanguage":"pt-PT"},{"@type":"ImageObject","@id":"https:\/\/www.cecubogroup.com\/blog\/a-proposito-de-adios-historia-adios-de-manuel-cruz\/#primaryimage","inLanguage":"pt-PT","url":"https:\/\/www.cecubogroup.com\/wp-content\/uploads\/2021\/01\/manuel_cruz-1508864858.jpg","contentUrl":"https:\/\/www.cecubogroup.com\/wp-content\/uploads\/2021\/01\/manuel_cruz-1508864858.jpg","caption":"manuel_cruz-1508864858.jpg"},{"@type":"WebPage","@id":"https:\/\/www.cecubogroup.com\/blog\/a-proposito-de-adios-historia-adios-de-manuel-cruz\/#webpage","url":"https:\/\/www.cecubogroup.com\/blog\/a-proposito-de-adios-historia-adios-de-manuel-cruz\/","name":"A prop\u00f3sito de... \"Adi\u00f3s, Historia, adi\u00f3s\" de Manuel Cruz - Cecubo Group","isPartOf":{"@id":"https:\/\/www.cecubogroup.com\/#website"},"primaryImageOfPage":{"@id":"https:\/\/www.cecubogroup.com\/blog\/a-proposito-de-adios-historia-adios-de-manuel-cruz\/#primaryimage"},"datePublished":"2013-04-06T00:00:00+00:00","dateModified":"2021-04-05T16:30:38+00:00","author":{"@id":"https:\/\/www.cecubogroup.com\/#\/schema\/person\/760d350d20cf7baed1d099d37d22936f"},"breadcrumb":{"@id":"https:\/\/www.cecubogroup.com\/blog\/a-proposito-de-adios-historia-adios-de-manuel-cruz\/#breadcrumb"},"inLanguage":"pt-PT","potentialAction":[{"@type":"ReadAction","target":["https:\/\/www.cecubogroup.com\/blog\/a-proposito-de-adios-historia-adios-de-manuel-cruz\/"]}]},{"@type":"BreadcrumbList","@id":"https:\/\/www.cecubogroup.com\/blog\/a-proposito-de-adios-historia-adios-de-manuel-cruz\/#breadcrumb","itemListElement":[{"@type":"ListItem","position":1,"name":"In\u00edcio","item":"https:\/\/www.cecubogroup.com\/"},{"@type":"ListItem","position":2,"name":"A prop\u00f3sito de&#8230; &#8220;Adi\u00f3s, Historia, adi\u00f3s&#8221; de Manuel Cruz"}]},{"@type":"Person","@id":"https:\/\/www.cecubogroup.com\/#\/schema\/person\/760d350d20cf7baed1d099d37d22936f","name":"","image":{"@type":"ImageObject","@id":"https:\/\/www.cecubogroup.com\/#personlogo","inLanguage":"pt-PT","url":"https:\/\/secure.gravatar.com\/avatar\/?s=96&d=mm&r=g","contentUrl":"https:\/\/secure.gravatar.com\/avatar\/?s=96&d=mm&r=g"},"url":"https:\/\/www.cecubogroup.com\/pt\/blog\/author\/"}]}},"_links":{"self":[{"href":"https:\/\/www.cecubogroup.com\/pt\/wp-json\/wp\/v2\/posts\/6204"}],"collection":[{"href":"https:\/\/www.cecubogroup.com\/pt\/wp-json\/wp\/v2\/posts"}],"about":[{"href":"https:\/\/www.cecubogroup.com\/pt\/wp-json\/wp\/v2\/types\/post"}],"author":[{"embeddable":true,"href":"https:\/\/www.cecubogroup.com\/pt\/wp-json\/wp\/v2\/users\/4"}],"replies":[{"embeddable":true,"href":"https:\/\/www.cecubogroup.com\/pt\/wp-json\/wp\/v2\/comments?post=6204"}],"version-history":[{"count":1,"href":"https:\/\/www.cecubogroup.com\/pt\/wp-json\/wp\/v2\/posts\/6204\/revisions"}],"predecessor-version":[{"id":6662,"href":"https:\/\/www.cecubogroup.com\/pt\/wp-json\/wp\/v2\/posts\/6204\/revisions\/6662"}],"wp:featuredmedia":[{"embeddable":true,"href":"https:\/\/www.cecubogroup.com\/pt\/wp-json\/wp\/v2\/media\/6459"}],"wp:attachment":[{"href":"https:\/\/www.cecubogroup.com\/pt\/wp-json\/wp\/v2\/media?parent=6204"}],"wp:term":[{"taxonomy":"category","embeddable":true,"href":"https:\/\/www.cecubogroup.com\/pt\/wp-json\/wp\/v2\/categories?post=6204"},{"taxonomy":"post_tag","embeddable":true,"href":"https:\/\/www.cecubogroup.com\/pt\/wp-json\/wp\/v2\/tags?post=6204"}],"curies":[{"name":"wp","href":"https:\/\/api.w.org\/{rel}","templated":true}]}}