{"id":6207,"date":"2013-04-30T00:00:00","date_gmt":"2013-04-30T00:00:00","guid":{"rendered":"https:\/\/cecubogroup.com\/?p=6207"},"modified":"2021-04-05T16:31:07","modified_gmt":"2021-04-05T16:31:07","slug":"una-clase-politica-muy-mal-acostumbrada","status":"publish","type":"post","link":"https:\/\/www.cecubogroup.com\/pt\/blog\/una-clase-politica-muy-mal-acostumbrada\/","title":{"rendered":"Uma classe pol\u00edtica mal habituada a"},"content":{"rendered":"<p>Estas ac\u00e7\u00f5es tiveram uma certa notoriedade, sobretudo, pela rea\u00e7\u00e3o surpreendente dos \"destinat\u00e1rios\" destes protestos (que denunciaram os factos) e pela espont\u00e2nea \"solidariedade corporativa\" do resto da casta pol\u00edtica.<\/p>\n<p>E este facto \u00e9 curioso para mim: os protestos realizados em plena luz do dia, com os meios de comunica\u00e7\u00e3o social a cobrirem os acontecimentos, com pessoas com a cara completamente descoberta, etc., s\u00e3o acusados de ultrapassar o que \u00e9 permitido. Chegam ao ponto de dizer <a href=\"http:\/\/www.elmundo.es\/elmundo\/2013\/03\/22\/espana\/1363962817.html\" style=\"margin: 0px; padding: 0px; border: 0px; vertical-align: baseline; outline: none; color: rgb(51, 51, 51); text-decoration-line: none;\">um comunicado do PP<\/a> que as queixas apresentadas t\u00eam por objetivo defender \"a ess\u00eancia da democracia liberal e do sistema representativo\" contra \"minorias cujo instrumento de press\u00e3o \u00e9 a demagogia e a coa\u00e7\u00e3o\". \u00c9 t\u00e3o insultuoso que isto seja dito que gostaria de vos recordar algumas coisas.<br \/>\nConsideram que as casas particulares n\u00e3o s\u00e3o o ambiente adequado e que, nas palavras de S\u00e1enz de Santamar\u00eda, \"h\u00e1 muitos s\u00edtios para se manifestar\". \u00c9 preocupante que fa\u00e7am esta acusa\u00e7\u00e3o precisamente quando h\u00e1 cada vez mais <a href=\"http:\/\/www.poderjudicial.es\/cgpj\/es\/Poder_Judicial\/Consejo_General_del_Poder_Judicial\/En_Portada\/Los_concursos_aumentaron_en_2012_un_28_por_ciento\" style=\"margin: 0px; padding: 0px; border: 0px; vertical-align: baseline; outline: none; color: rgb(51, 51, 51); text-decoration-line: none;\">mais pessoas a ficarem sem casa<\/a>. \u00c9 o exemplo m\u00e1ximo de que h\u00e1 direitos diferentes para uns e para outros.<\/p>\n<p>Outro ponto interessante da sua reflex\u00e3o \u00e9 o facto de afirmar sem pudor \"que o direito de um termina quando come\u00e7a o direito do outro\". Pegando na vossa Constitui\u00e7\u00e3o t\u00e3o sacrossanta, verificamos que alguns desses direitos s\u00e3o desrespeitados de forma flagrante e descarada: Art. 31.1; Art. 35.1; Art. 43.1; Art. 47; etc.<br \/>\nMas, indo mais longe, a ideia de que os direitos s\u00e3o compartimentos estanques associados \u00e0 propriedade e \u00e0 exclusividade \u00e9 uma vis\u00e3o sect\u00e1ria que se tornou o leitmotiv das sociedades ocidentais. Talvez dev\u00eassemos come\u00e7ar a rever este tipo de ideias que passaram a ser vistas como no\u00e7\u00f5es universais quando, na verdade, n\u00e3o passam de auto-interpreta\u00e7\u00f5es que explicam porque \u00e9 que a situa\u00e7\u00e3o \u00e9 como \u00e9.<\/p>\n<p>Ou seja, talvez dev\u00eassemos compreender que h\u00e1 mais agress\u00f5es e viol\u00eancias do que apenas as f\u00edsicas. \u00c9 preocupante que a mentalidade colectiva tenha sido imbu\u00edda da ideia de que, numa escrache contra Gonz\u00e1lez Pons, o <<violencia&gt;&gt; deve ser exercido apenas pelo ativista que foi despejado e que protesta em frente \u00e0 sua casa. Reconhecer mais direitos a essa pessoa (na medida em que ela tem uma casa onde est\u00e1 <<soberano&gt;&gt; de todos os seus direitos), do que a um pai de fam\u00edlia que n\u00e3o tem nada a perder, \u00e9 absolutamente desprez\u00edvel, pois implica implicitamente aceitar que os direitos variam e s\u00e3o alcan\u00e7ados de acordo com a propriedade e o rendimento. O mais triste \u00e9 que uma grande parte da popula\u00e7\u00e3o acredita nestas fal\u00e1cias e tomou como l\u00f3gicas as queixas dos pol\u00edticos.<\/p>\n<p>Mas, levando este argumento ao seu paroxismo, gostaria de recordar \u00e0 casta pol\u00edtica que ela \u00e9 simultaneamente afortunada e mal habituada. E n\u00e3o estou a referir-me aos seus \u00f3bvios privil\u00e9gios de classe. Refiro-me a algo mais grave que, esperemos, comece a mudar: a servid\u00e3o e a apatia. At\u00e9 agora, t\u00eam tido uma esp\u00e9cie de impunidade que os tem mantido fora de sarilhos. O mantra de \"representantes da vontade do povo\", um eufemismo sangrento para <<despotismO governo protegeu-os de qualquer tipo de cr\u00edtica, transformando muitos deles em verdadeiros estorvos e parasitas do sistema pol\u00edtico. Para isso contribuiu, de forma totalmente c\u00famplice, uma popula\u00e7\u00e3o servil e submissa, que por vezes n\u00e3o foi (e n\u00e3o \u00e9) digna do nome de \"moderna\". <<ciudadan\u00eda&gt;&gt;, mas vassalos, e que negligenciaram as obriga\u00e7\u00f5es inerentes ao facto de serem cidad\u00e3os.<br \/>\n\u00c9 por isso que as ac\u00e7\u00f5es que os incomodam um pouco s\u00e3o apresentadas como um ataque aos seus direitos. Como est\u00e3o enganados e mal orientados! Os \"limites\" n\u00e3o s\u00e3o o toque matinal da campainha. Se ao menos estes fossem todos os problemas que t\u00eam de enfrentar, agora que uma certa emerg\u00eancia social est\u00e1 convencida disso, numa altura em que existe uma fratura ineg\u00e1vel entre os que beneficiam do sistema e a imensa maioria que sofre e suporta as suas consequ\u00eancias, <a href=\"http:\/\/www.eldiario.es\/Kafka\/miedo-va-cambiar-bando_0_101489920.html\" style=\"margin: 0px; padding: 0px; border: 0px; vertical-align: baseline; outline: none; color: rgb(51, 51, 51); text-decoration-line: none;\">o medo mudar\u00e1 de lado.<\/a><\/p>\n<p>A hist\u00f3ria mostra que, quando os governantes ultrapassam a sua autoridade e impedem a popula\u00e7\u00e3o de aceder aos seus direitos, o povo organiza-se e acaba por fazer justi\u00e7a pelas suas pr\u00f3prias m\u00e3os. N\u00e3o esque\u00e7amos o que aconteceu com Maria Antonieta, os Romanov, Mussolini e Carrero Blanco: quando o povo aponta os seus inimigos, a sua elimina\u00e7\u00e3o f\u00edsica pode tornar-se um objetivo estrat\u00e9gico.<br \/>\nMuita coisa teria de mudar para que isso acontecesse. Mas temos de estar conscientes de como \u00e9 hip\u00f3crita dizer que os limites est\u00e3o a ser ultrapassados. Este deveria ser apenas o in\u00edcio de um aumento crescente e necess\u00e1rio dos conflitos sociais.<\/p>\n<p>Para atingir o limite, h\u00e1 ainda um longo caminho a percorrer. Muito ter\u00e1 de acontecer antes que a elimina\u00e7\u00e3o f\u00edsica seja algo que as pessoas aceitem. E, francamente, n\u00e3o creio que isso venha a acontecer. Mas o n\u00edvel de toler\u00e2ncia do p\u00fablico em rela\u00e7\u00e3o a certos tipos de viol\u00eancia pol\u00edtica est\u00e1 a aumentar a um ritmo not\u00e1vel. E as raz\u00f5es s\u00e3o mais do que justificadas.<br \/>\nAssim, com 6 milh\u00f5es de desempregados, a maior desigualdade entre ricos e pobres da UE, uma socializa\u00e7\u00e3o vergonhosa das consequ\u00eancias negativas do sistema, mais de 20% da popula\u00e7\u00e3o perto do limiar da pobreza, etc., cada vez que recebem um ato de protesto nas suas casas, deviam estar gratos por ser apenas isso.<\/p>","protected":false},"excerpt":{"rendered":"<p>Nos \u00faltimos dias, a mobiliza\u00e7\u00e3o social encontrou no chamado escrache, uma forma de protesto que visa apontar o dedo a alguns membros do Partido Popular como sendo os culpados pela atual situa\u00e7\u00e3o que milh\u00f5es de cidad\u00e3os enfrentam neste pa\u00eds, incluindo o n\u00famero dram\u00e1tico de suic\u00eddios atribu\u00edveis \u00e0 crise.<\/p>","protected":false},"author":4,"featured_media":6462,"comment_status":"closed","ping_status":"closed","sticky":false,"template":"","format":"standard","meta":{"_et_pb_use_builder":"","_et_pb_old_content":"","_et_gb_content_width":""},"categories":[1],"tags":[],"yoast_head":"<!-- This site is optimized with the Yoast SEO plugin v16.7 - https:\/\/yoast.com\/wordpress\/plugins\/seo\/ -->\n<title>Una clase pol\u00edtica muy mal acostumbrada - Cecubo Group<\/title>\n<meta name=\"robots\" content=\"index, follow, max-snippet:-1, max-image-preview:large, max-video-preview:-1\" \/>\n<link rel=\"canonical\" href=\"https:\/\/www.cecubogroup.com\/pt\/blog\/una-clase-politica-muy-mal-acostumbrada\/\" \/>\n<meta property=\"og:locale\" content=\"pt_PT\" \/>\n<meta property=\"og:type\" content=\"article\" \/>\n<meta property=\"og:title\" content=\"Una clase pol\u00edtica muy mal acostumbrada - Cecubo Group\" \/>\n<meta property=\"og:description\" content=\"En los \u00faltimos d\u00edas, la movilizaci\u00f3n social ha encontrado en el denominado escrache, una forma de protesta dirigida a se\u00f1alar a algunos miembros del Partido Popular como culpables de la situaci\u00f3n actual a la que se encuentran millones de ciudadanos en este pa\u00eds, incluyendo, el dram\u00e1tico n\u00famero de suicidios imputables a la crisis.\" \/>\n<meta property=\"og:url\" content=\"https:\/\/www.cecubogroup.com\/pt\/blog\/una-clase-politica-muy-mal-acostumbrada\/\" \/>\n<meta property=\"og:site_name\" content=\"Cecubo Group\" \/>\n<meta property=\"article:published_time\" content=\"2013-04-30T00:00:00+00:00\" \/>\n<meta property=\"article:modified_time\" content=\"2021-04-05T16:31:07+00:00\" \/>\n<meta name=\"twitter:card\" content=\"summary_large_image\" \/>\n<meta name=\"twitter:image\" content=\"https:\/\/www.cecubogroup.com\/wp-content\/uploads\/2021\/01\/gonzalez_pons-1508865452.jpg\" \/>\n<meta name=\"twitter:label1\" content=\"Escrito por\" \/>\n\t<meta name=\"twitter:data1\" content=\"\" \/>\n\t<meta name=\"twitter:label2\" content=\"Tempo estimado de leitura\" \/>\n\t<meta name=\"twitter:data2\" content=\"5 minutos\" \/>\n<script type=\"application\/ld+json\" class=\"yoast-schema-graph\">{\"@context\":\"https:\/\/schema.org\",\"@graph\":[{\"@type\":\"WebSite\",\"@id\":\"https:\/\/www.cecubogroup.com\/#website\",\"url\":\"https:\/\/www.cecubogroup.com\/\",\"name\":\"Cecubo Group\",\"description\":\"\",\"potentialAction\":[{\"@type\":\"SearchAction\",\"target\":{\"@type\":\"EntryPoint\",\"urlTemplate\":\"https:\/\/www.cecubogroup.com\/?s={search_term_string}\"},\"query-input\":\"required name=search_term_string\"}],\"inLanguage\":\"pt-PT\"},{\"@type\":\"ImageObject\",\"@id\":\"https:\/\/www.cecubogroup.com\/blog\/una-clase-politica-muy-mal-acostumbrada\/#primaryimage\",\"inLanguage\":\"pt-PT\",\"url\":\"https:\/\/www.cecubogroup.com\/wp-content\/uploads\/2021\/01\/gonzalez_pons-1508865452.jpg\",\"contentUrl\":\"https:\/\/www.cecubogroup.com\/wp-content\/uploads\/2021\/01\/gonzalez_pons-1508865452.jpg\",\"caption\":\"gonzalez_pons-1508865452.jpg\"},{\"@type\":\"WebPage\",\"@id\":\"https:\/\/www.cecubogroup.com\/blog\/una-clase-politica-muy-mal-acostumbrada\/#webpage\",\"url\":\"https:\/\/www.cecubogroup.com\/blog\/una-clase-politica-muy-mal-acostumbrada\/\",\"name\":\"Una clase pol\\u00edtica muy mal acostumbrada - Cecubo Group\",\"isPartOf\":{\"@id\":\"https:\/\/www.cecubogroup.com\/#website\"},\"primaryImageOfPage\":{\"@id\":\"https:\/\/www.cecubogroup.com\/blog\/una-clase-politica-muy-mal-acostumbrada\/#primaryimage\"},\"datePublished\":\"2013-04-30T00:00:00+00:00\",\"dateModified\":\"2021-04-05T16:31:07+00:00\",\"author\":{\"@id\":\"https:\/\/www.cecubogroup.com\/#\/schema\/person\/760d350d20cf7baed1d099d37d22936f\"},\"breadcrumb\":{\"@id\":\"https:\/\/www.cecubogroup.com\/blog\/una-clase-politica-muy-mal-acostumbrada\/#breadcrumb\"},\"inLanguage\":\"pt-PT\",\"potentialAction\":[{\"@type\":\"ReadAction\",\"target\":[\"https:\/\/www.cecubogroup.com\/blog\/una-clase-politica-muy-mal-acostumbrada\/\"]}]},{\"@type\":\"BreadcrumbList\",\"@id\":\"https:\/\/www.cecubogroup.com\/blog\/una-clase-politica-muy-mal-acostumbrada\/#breadcrumb\",\"itemListElement\":[{\"@type\":\"ListItem\",\"position\":1,\"name\":\"In\\u00edcio\",\"item\":\"https:\/\/www.cecubogroup.com\/\"},{\"@type\":\"ListItem\",\"position\":2,\"name\":\"Una clase pol\\u00edtica muy mal acostumbrada\"}]},{\"@type\":\"Person\",\"@id\":\"https:\/\/www.cecubogroup.com\/#\/schema\/person\/760d350d20cf7baed1d099d37d22936f\",\"name\":\"\",\"image\":{\"@type\":\"ImageObject\",\"@id\":\"https:\/\/www.cecubogroup.com\/#personlogo\",\"inLanguage\":\"pt-PT\",\"url\":\"https:\/\/secure.gravatar.com\/avatar\/?s=96&d=mm&r=g\",\"contentUrl\":\"https:\/\/secure.gravatar.com\/avatar\/?s=96&d=mm&r=g\"},\"url\":\"https:\/\/www.cecubogroup.com\/pt\/blog\/author\/\"}]}<\/script>\n<!-- \/ Yoast SEO plugin. -->","yoast_head_json":{"title":"Una clase pol\u00edtica muy mal acostumbrada - Cecubo Group","robots":{"index":"index","follow":"follow","max-snippet":"max-snippet:-1","max-image-preview":"max-image-preview:large","max-video-preview":"max-video-preview:-1"},"canonical":"https:\/\/www.cecubogroup.com\/pt\/blog\/una-clase-politica-muy-mal-acostumbrada\/","og_locale":"pt_PT","og_type":"article","og_title":"Una clase pol\u00edtica muy mal acostumbrada - Cecubo Group","og_description":"En los \u00faltimos d\u00edas, la movilizaci\u00f3n social ha encontrado en el denominado escrache, una forma de protesta dirigida a se\u00f1alar a algunos miembros del Partido Popular como culpables de la situaci\u00f3n actual a la que se encuentran millones de ciudadanos en este pa\u00eds, incluyendo, el dram\u00e1tico n\u00famero de suicidios imputables a la crisis.","og_url":"https:\/\/www.cecubogroup.com\/pt\/blog\/una-clase-politica-muy-mal-acostumbrada\/","og_site_name":"Cecubo Group","article_published_time":"2013-04-30T00:00:00+00:00","article_modified_time":"2021-04-05T16:31:07+00:00","twitter_card":"summary_large_image","twitter_image":"https:\/\/www.cecubogroup.com\/wp-content\/uploads\/2021\/01\/gonzalez_pons-1508865452.jpg","twitter_misc":{"Escrito por":"","Tempo estimado de leitura":"5 minutos"},"schema":{"@context":"https:\/\/schema.org","@graph":[{"@type":"WebSite","@id":"https:\/\/www.cecubogroup.com\/#website","url":"https:\/\/www.cecubogroup.com\/","name":"Cecubo Group","description":"","potentialAction":[{"@type":"SearchAction","target":{"@type":"EntryPoint","urlTemplate":"https:\/\/www.cecubogroup.com\/?s={search_term_string}"},"query-input":"required name=search_term_string"}],"inLanguage":"pt-PT"},{"@type":"ImageObject","@id":"https:\/\/www.cecubogroup.com\/blog\/una-clase-politica-muy-mal-acostumbrada\/#primaryimage","inLanguage":"pt-PT","url":"https:\/\/www.cecubogroup.com\/wp-content\/uploads\/2021\/01\/gonzalez_pons-1508865452.jpg","contentUrl":"https:\/\/www.cecubogroup.com\/wp-content\/uploads\/2021\/01\/gonzalez_pons-1508865452.jpg","caption":"gonzalez_pons-1508865452.jpg"},{"@type":"WebPage","@id":"https:\/\/www.cecubogroup.com\/blog\/una-clase-politica-muy-mal-acostumbrada\/#webpage","url":"https:\/\/www.cecubogroup.com\/blog\/una-clase-politica-muy-mal-acostumbrada\/","name":"Una clase pol\u00edtica muy mal acostumbrada - Cecubo Group","isPartOf":{"@id":"https:\/\/www.cecubogroup.com\/#website"},"primaryImageOfPage":{"@id":"https:\/\/www.cecubogroup.com\/blog\/una-clase-politica-muy-mal-acostumbrada\/#primaryimage"},"datePublished":"2013-04-30T00:00:00+00:00","dateModified":"2021-04-05T16:31:07+00:00","author":{"@id":"https:\/\/www.cecubogroup.com\/#\/schema\/person\/760d350d20cf7baed1d099d37d22936f"},"breadcrumb":{"@id":"https:\/\/www.cecubogroup.com\/blog\/una-clase-politica-muy-mal-acostumbrada\/#breadcrumb"},"inLanguage":"pt-PT","potentialAction":[{"@type":"ReadAction","target":["https:\/\/www.cecubogroup.com\/blog\/una-clase-politica-muy-mal-acostumbrada\/"]}]},{"@type":"BreadcrumbList","@id":"https:\/\/www.cecubogroup.com\/blog\/una-clase-politica-muy-mal-acostumbrada\/#breadcrumb","itemListElement":[{"@type":"ListItem","position":1,"name":"In\u00edcio","item":"https:\/\/www.cecubogroup.com\/"},{"@type":"ListItem","position":2,"name":"Una clase pol\u00edtica muy mal acostumbrada"}]},{"@type":"Person","@id":"https:\/\/www.cecubogroup.com\/#\/schema\/person\/760d350d20cf7baed1d099d37d22936f","name":"","image":{"@type":"ImageObject","@id":"https:\/\/www.cecubogroup.com\/#personlogo","inLanguage":"pt-PT","url":"https:\/\/secure.gravatar.com\/avatar\/?s=96&d=mm&r=g","contentUrl":"https:\/\/secure.gravatar.com\/avatar\/?s=96&d=mm&r=g"},"url":"https:\/\/www.cecubogroup.com\/pt\/blog\/author\/"}]}},"_links":{"self":[{"href":"https:\/\/www.cecubogroup.com\/pt\/wp-json\/wp\/v2\/posts\/6207"}],"collection":[{"href":"https:\/\/www.cecubogroup.com\/pt\/wp-json\/wp\/v2\/posts"}],"about":[{"href":"https:\/\/www.cecubogroup.com\/pt\/wp-json\/wp\/v2\/types\/post"}],"author":[{"embeddable":true,"href":"https:\/\/www.cecubogroup.com\/pt\/wp-json\/wp\/v2\/users\/4"}],"replies":[{"embeddable":true,"href":"https:\/\/www.cecubogroup.com\/pt\/wp-json\/wp\/v2\/comments?post=6207"}],"version-history":[{"count":1,"href":"https:\/\/www.cecubogroup.com\/pt\/wp-json\/wp\/v2\/posts\/6207\/revisions"}],"predecessor-version":[{"id":6666,"href":"https:\/\/www.cecubogroup.com\/pt\/wp-json\/wp\/v2\/posts\/6207\/revisions\/6666"}],"wp:featuredmedia":[{"embeddable":true,"href":"https:\/\/www.cecubogroup.com\/pt\/wp-json\/wp\/v2\/media\/6462"}],"wp:attachment":[{"href":"https:\/\/www.cecubogroup.com\/pt\/wp-json\/wp\/v2\/media?parent=6207"}],"wp:term":[{"taxonomy":"category","embeddable":true,"href":"https:\/\/www.cecubogroup.com\/pt\/wp-json\/wp\/v2\/categories?post=6207"},{"taxonomy":"post_tag","embeddable":true,"href":"https:\/\/www.cecubogroup.com\/pt\/wp-json\/wp\/v2\/tags?post=6207"}],"curies":[{"name":"wp","href":"https:\/\/api.w.org\/{rel}","templated":true}]}}