{"id":6234,"date":"2011-02-28T00:00:00","date_gmt":"2011-02-28T00:00:00","guid":{"rendered":"https:\/\/cecubogroup.com\/?p=6234"},"modified":"2021-04-05T16:42:31","modified_gmt":"2021-04-05T16:42:31","slug":"ni-es-el-mismo-escenario-ni-sera-la-misma-campana","status":"publish","type":"post","link":"https:\/\/www.cecubogroup.com\/pt\/blog\/ni-es-el-mismo-escenario-ni-sera-la-misma-campana\/","title":{"rendered":"N\u00e3o \u00e9 o mesmo cen\u00e1rio e n\u00e3o ser\u00e1 a mesma campanha."},"content":{"rendered":"<p>Amanh\u00e3 \u00e9 o segundo anivers\u00e1rio da vit\u00f3ria do Partido Popular na Galiza. Muito se tem escrito sobre essa campanha, t\u00e3o negativa quanto eficaz. N\u00e3o foi dif\u00edcil diagnosticar um dos erros graves dos socialistas galegos naqueles dias: a falta de resposta aos duros ataques da oposi\u00e7\u00e3o deixou Touri\u00f1o numa posi\u00e7\u00e3o de fraqueza e minou o moral da esquerda galega. Esta campanha negativa centrou-se tamb\u00e9m em Anxo Quintana e, j\u00e1 nessa altura, em Pachi V\u00e1zquez, que j\u00e1 estava a ser atacado por alegadas irregularidades urban\u00edsticas.<\/p>\n<p>A Comiss\u00e3o afirmou que algo mudou com a alega\u00e7\u00e3o de liga\u00e7\u00f5es ao tr\u00e1fico de droga, <a href=\"http:\/\/www.lavozdegalicia.es\/galicia\/2010\/06\/09\/00031276075628839963338.htm\" style=\"margin: 0px; padding: 0px; border: 0px; vertical-align: baseline; outline: none; color: rgb(51, 51, 51); text-decoration-line: none;\" target=\"_blank\" rel=\"noopener\">algo que est\u00e1 a acontecer h\u00e1 meses<\/a>e foi confirmado quando na passada ter\u00e7a-feira <a href=\"http:\/\/www.cecubo.org\/2011\/02\/el-psdeg-no-se-agazapa\/\" style=\"margin: 0px; padding: 0px; border: 0px; vertical-align: baseline; outline: none; color: rgb(51, 51, 51); text-decoration-line: none;\" target=\"_blank\" rel=\"noopener\">V\u00e1zquez denunciou o ass\u00e9dio de que est\u00e1 a ser alvo por parte da Xunta de Galicia.<\/a>. Abel Losada, e<a href=\"http:\/\/www.xornal.com\/artigo\/2011\/02\/27\/politica\/pp-tenta-amedrentar-oposicion-amosarlle-ao-cidadan-quen-manda-aqui\/2011022622230200873.html\" style=\"margin: 0px; padding: 0px; border: 0px; vertical-align: baseline; outline: none; color: rgb(51, 51, 51); text-decoration-line: none;\" target=\"_blank\" rel=\"noopener\">m uma sess\u00e3o de conversa\u00e7\u00e3o no Xornal.com<\/a>Garantiu que o seu partido n\u00e3o deixar\u00e1 sem resposta qualquer ataque do Partido Popular. O PSdeG aprendeu com a campanha de 2009 que n\u00e3o se pode ficar parado perante uma campanha de confrontos e ataques, e agora est\u00e1 a partir para o ataque.<\/p>\n<p>Quer isto dizer que a dire\u00e7\u00e3o dos socialistas galegos tem raz\u00e3o?<\/p>\n<p>Numa campanha negativa, o n\u00famero um nunca pode ser aquele que lan\u00e7a os ataques mais ofensivos e perigosos (o caso do narcotr\u00e1fico \u00e9 um deles). Algu\u00e9m se lembra de Feij\u00f3o lan\u00e7ar acusa\u00e7\u00f5es t\u00e3o directas contra Touri\u00f1o? N\u00e3o, o Partido Popular fez a sua campanha negativa a partir dos meios de comunica\u00e7\u00e3o social relacionados e atrav\u00e9s de segundas espadas -Baltar no caso dos insultos a Quintana-.<\/p>\n<p>H\u00e1 ainda outra quest\u00e3o a considerar: \u00e9 cred\u00edvel para a opini\u00e3o p\u00fablica que o Presidente da Xunta de Galicia tenha liga\u00e7\u00f5es ao tr\u00e1fico de droga? Embora n\u00e3o seja essa a hist\u00f3ria, \u00e9 a mensagem que acaba por chegar \u00e0 opini\u00e3o p\u00fablica. \u00c9 verdade que, nos \u00faltimos dias, as acusa\u00e7\u00f5es se t\u00eam desviado para outras quest\u00f5es, como a persegui\u00e7\u00e3o do Partido Popular atrav\u00e9s das institui\u00e7\u00f5es da Xunta.<\/p>\n<p>Qual poder\u00e1 ser a consequ\u00eancia?<\/p>\n<p>Seria necess\u00e1rio responder com outra pergunta: Pachi vai ser candidato em 2013? A acreditar na sua estrat\u00e9gia atual e na sua mensagem dos \u00faltimos dias - \"posso quebrar, mas n\u00e3o dobrar\" - parece que est\u00e1 consciente de que este caminho pode coloc\u00e1-lo fora da corrida para ser candidato \u00e0 Junta da Galiza. No caso de pretender s\u00ea-lo, n\u00e3o pode ser ele a continuar a lan\u00e7ar os ataques. \u00c9 tempo de dividir os pap\u00e9is dentro da sua equipa e de cada um desempenhar o seu papel no terreno.<\/p>\n<p>Como \u00e9 que isto afecta os candidatos municipais?<\/p>\n<p>N\u00e3o podemos esquecer que estamos perante um cen\u00e1rio de elei\u00e7\u00f5es aut\u00e1rquicas em que as direc\u00e7\u00f5es nacionais e regionais procuram refor\u00e7ar a fidelidade do eleitorado - algo em que o PSOE \u00e9 muito fraco neste momento - e estas ac\u00e7\u00f5es t\u00eam esse objetivo.<\/p>\n<p>Os candidatos locais t\u00eam de pensar em jogar a sua liga. Por um lado, construir e comunicar o seu projeto para a C\u00e2mara Municipal e, por outro, fazer a mesma distribui\u00e7\u00e3o de pap\u00e9is que Pachi V\u00e1zquez deveria fazer.<\/p>","protected":false},"excerpt":{"rendered":"<p>Quando, h\u00e1 duas semanas, Pachi V\u00e1zquez associou diretamente Feijoo ao tr\u00e1fico de droga, ficou claro que algo tinha mudado na estrat\u00e9gia do PSdeG.<\/p>","protected":false},"author":4,"featured_media":6489,"comment_status":"closed","ping_status":"closed","sticky":false,"template":"","format":"standard","meta":{"_et_pb_use_builder":"","_et_pb_old_content":"","_et_gb_content_width":""},"categories":[1],"tags":[],"yoast_head":"<!-- This site is optimized with the Yoast SEO plugin v16.7 - https:\/\/yoast.com\/wordpress\/plugins\/seo\/ -->\n<title>Ni es el mismo escenario ni ser\u00e1 la misma campa\u00f1a - Cecubo Group<\/title>\n<meta name=\"robots\" content=\"index, follow, max-snippet:-1, max-image-preview:large, max-video-preview:-1\" \/>\n<link rel=\"canonical\" href=\"https:\/\/www.cecubogroup.com\/pt\/blog\/ni-es-el-mismo-escenario-ni-sera-la-misma-campana\/\" \/>\n<meta property=\"og:locale\" content=\"pt_PT\" \/>\n<meta property=\"og:type\" content=\"article\" \/>\n<meta property=\"og:title\" content=\"Ni es el mismo escenario ni ser\u00e1 la misma campa\u00f1a - Cecubo Group\" \/>\n<meta property=\"og:description\" content=\"Cuando hace un par de semanas Pachi V\u00e1zquez vincul\u00f3 directamente a Feijoo con el narcotr\u00e1fico qued\u00f3 claro que algo hab\u00eda cambiado en la estrategia del PSdeG.\" \/>\n<meta property=\"og:url\" content=\"https:\/\/www.cecubogroup.com\/pt\/blog\/ni-es-el-mismo-escenario-ni-sera-la-misma-campana\/\" \/>\n<meta property=\"og:site_name\" content=\"Cecubo Group\" \/>\n<meta property=\"article:published_time\" content=\"2011-02-28T00:00:00+00:00\" \/>\n<meta property=\"article:modified_time\" content=\"2021-04-05T16:42:31+00:00\" \/>\n<meta name=\"twitter:card\" content=\"summary_large_image\" \/>\n<meta name=\"twitter:image\" content=\"https:\/\/www.cecubogroup.com\/wp-content\/uploads\/2021\/01\/pachi_vazquez-1508868058.jpg\" \/>\n<meta name=\"twitter:label1\" content=\"Escrito por\" \/>\n\t<meta name=\"twitter:data1\" content=\"\" \/>\n\t<meta name=\"twitter:label2\" content=\"Tempo estimado de leitura\" \/>\n\t<meta name=\"twitter:data2\" content=\"3 minutos\" \/>\n<script type=\"application\/ld+json\" class=\"yoast-schema-graph\">{\"@context\":\"https:\/\/schema.org\",\"@graph\":[{\"@type\":\"WebSite\",\"@id\":\"https:\/\/www.cecubogroup.com\/#website\",\"url\":\"https:\/\/www.cecubogroup.com\/\",\"name\":\"Cecubo Group\",\"description\":\"\",\"potentialAction\":[{\"@type\":\"SearchAction\",\"target\":{\"@type\":\"EntryPoint\",\"urlTemplate\":\"https:\/\/www.cecubogroup.com\/?s={search_term_string}\"},\"query-input\":\"required name=search_term_string\"}],\"inLanguage\":\"pt-PT\"},{\"@type\":\"ImageObject\",\"@id\":\"https:\/\/www.cecubogroup.com\/blog\/ni-es-el-mismo-escenario-ni-sera-la-misma-campana\/#primaryimage\",\"inLanguage\":\"pt-PT\",\"url\":\"https:\/\/www.cecubogroup.com\/wp-content\/uploads\/2021\/01\/pachi_vazquez-1508868058.jpg\",\"contentUrl\":\"https:\/\/www.cecubogroup.com\/wp-content\/uploads\/2021\/01\/pachi_vazquez-1508868058.jpg\",\"caption\":\"pachi_vazquez-1508868058.jpg\"},{\"@type\":\"WebPage\",\"@id\":\"https:\/\/www.cecubogroup.com\/blog\/ni-es-el-mismo-escenario-ni-sera-la-misma-campana\/#webpage\",\"url\":\"https:\/\/www.cecubogroup.com\/blog\/ni-es-el-mismo-escenario-ni-sera-la-misma-campana\/\",\"name\":\"Ni es el mismo escenario ni ser\\u00e1 la misma campa\\u00f1a - Cecubo Group\",\"isPartOf\":{\"@id\":\"https:\/\/www.cecubogroup.com\/#website\"},\"primaryImageOfPage\":{\"@id\":\"https:\/\/www.cecubogroup.com\/blog\/ni-es-el-mismo-escenario-ni-sera-la-misma-campana\/#primaryimage\"},\"datePublished\":\"2011-02-28T00:00:00+00:00\",\"dateModified\":\"2021-04-05T16:42:31+00:00\",\"author\":{\"@id\":\"https:\/\/www.cecubogroup.com\/#\/schema\/person\/760d350d20cf7baed1d099d37d22936f\"},\"breadcrumb\":{\"@id\":\"https:\/\/www.cecubogroup.com\/blog\/ni-es-el-mismo-escenario-ni-sera-la-misma-campana\/#breadcrumb\"},\"inLanguage\":\"pt-PT\",\"potentialAction\":[{\"@type\":\"ReadAction\",\"target\":[\"https:\/\/www.cecubogroup.com\/blog\/ni-es-el-mismo-escenario-ni-sera-la-misma-campana\/\"]}]},{\"@type\":\"BreadcrumbList\",\"@id\":\"https:\/\/www.cecubogroup.com\/blog\/ni-es-el-mismo-escenario-ni-sera-la-misma-campana\/#breadcrumb\",\"itemListElement\":[{\"@type\":\"ListItem\",\"position\":1,\"name\":\"In\\u00edcio\",\"item\":\"https:\/\/www.cecubogroup.com\/\"},{\"@type\":\"ListItem\",\"position\":2,\"name\":\"Ni es el mismo escenario ni ser\\u00e1 la misma campa\\u00f1a\"}]},{\"@type\":\"Person\",\"@id\":\"https:\/\/www.cecubogroup.com\/#\/schema\/person\/760d350d20cf7baed1d099d37d22936f\",\"name\":\"\",\"image\":{\"@type\":\"ImageObject\",\"@id\":\"https:\/\/www.cecubogroup.com\/#personlogo\",\"inLanguage\":\"pt-PT\",\"url\":\"https:\/\/secure.gravatar.com\/avatar\/?s=96&d=mm&r=g\",\"contentUrl\":\"https:\/\/secure.gravatar.com\/avatar\/?s=96&d=mm&r=g\"},\"url\":\"https:\/\/www.cecubogroup.com\/pt\/blog\/author\/\"}]}<\/script>\n<!-- \/ Yoast SEO plugin. -->","yoast_head_json":{"title":"Ni es el mismo escenario ni ser\u00e1 la misma campa\u00f1a - Cecubo Group","robots":{"index":"index","follow":"follow","max-snippet":"max-snippet:-1","max-image-preview":"max-image-preview:large","max-video-preview":"max-video-preview:-1"},"canonical":"https:\/\/www.cecubogroup.com\/pt\/blog\/ni-es-el-mismo-escenario-ni-sera-la-misma-campana\/","og_locale":"pt_PT","og_type":"article","og_title":"Ni es el mismo escenario ni ser\u00e1 la misma campa\u00f1a - Cecubo Group","og_description":"Cuando hace un par de semanas Pachi V\u00e1zquez vincul\u00f3 directamente a Feijoo con el narcotr\u00e1fico qued\u00f3 claro que algo hab\u00eda cambiado en la estrategia del PSdeG.","og_url":"https:\/\/www.cecubogroup.com\/pt\/blog\/ni-es-el-mismo-escenario-ni-sera-la-misma-campana\/","og_site_name":"Cecubo Group","article_published_time":"2011-02-28T00:00:00+00:00","article_modified_time":"2021-04-05T16:42:31+00:00","twitter_card":"summary_large_image","twitter_image":"https:\/\/www.cecubogroup.com\/wp-content\/uploads\/2021\/01\/pachi_vazquez-1508868058.jpg","twitter_misc":{"Escrito por":"","Tempo estimado de leitura":"3 minutos"},"schema":{"@context":"https:\/\/schema.org","@graph":[{"@type":"WebSite","@id":"https:\/\/www.cecubogroup.com\/#website","url":"https:\/\/www.cecubogroup.com\/","name":"Cecubo Group","description":"","potentialAction":[{"@type":"SearchAction","target":{"@type":"EntryPoint","urlTemplate":"https:\/\/www.cecubogroup.com\/?s={search_term_string}"},"query-input":"required name=search_term_string"}],"inLanguage":"pt-PT"},{"@type":"ImageObject","@id":"https:\/\/www.cecubogroup.com\/blog\/ni-es-el-mismo-escenario-ni-sera-la-misma-campana\/#primaryimage","inLanguage":"pt-PT","url":"https:\/\/www.cecubogroup.com\/wp-content\/uploads\/2021\/01\/pachi_vazquez-1508868058.jpg","contentUrl":"https:\/\/www.cecubogroup.com\/wp-content\/uploads\/2021\/01\/pachi_vazquez-1508868058.jpg","caption":"pachi_vazquez-1508868058.jpg"},{"@type":"WebPage","@id":"https:\/\/www.cecubogroup.com\/blog\/ni-es-el-mismo-escenario-ni-sera-la-misma-campana\/#webpage","url":"https:\/\/www.cecubogroup.com\/blog\/ni-es-el-mismo-escenario-ni-sera-la-misma-campana\/","name":"Ni es el mismo escenario ni ser\u00e1 la misma campa\u00f1a - Cecubo Group","isPartOf":{"@id":"https:\/\/www.cecubogroup.com\/#website"},"primaryImageOfPage":{"@id":"https:\/\/www.cecubogroup.com\/blog\/ni-es-el-mismo-escenario-ni-sera-la-misma-campana\/#primaryimage"},"datePublished":"2011-02-28T00:00:00+00:00","dateModified":"2021-04-05T16:42:31+00:00","author":{"@id":"https:\/\/www.cecubogroup.com\/#\/schema\/person\/760d350d20cf7baed1d099d37d22936f"},"breadcrumb":{"@id":"https:\/\/www.cecubogroup.com\/blog\/ni-es-el-mismo-escenario-ni-sera-la-misma-campana\/#breadcrumb"},"inLanguage":"pt-PT","potentialAction":[{"@type":"ReadAction","target":["https:\/\/www.cecubogroup.com\/blog\/ni-es-el-mismo-escenario-ni-sera-la-misma-campana\/"]}]},{"@type":"BreadcrumbList","@id":"https:\/\/www.cecubogroup.com\/blog\/ni-es-el-mismo-escenario-ni-sera-la-misma-campana\/#breadcrumb","itemListElement":[{"@type":"ListItem","position":1,"name":"In\u00edcio","item":"https:\/\/www.cecubogroup.com\/"},{"@type":"ListItem","position":2,"name":"Ni es el mismo escenario ni ser\u00e1 la misma campa\u00f1a"}]},{"@type":"Person","@id":"https:\/\/www.cecubogroup.com\/#\/schema\/person\/760d350d20cf7baed1d099d37d22936f","name":"","image":{"@type":"ImageObject","@id":"https:\/\/www.cecubogroup.com\/#personlogo","inLanguage":"pt-PT","url":"https:\/\/secure.gravatar.com\/avatar\/?s=96&d=mm&r=g","contentUrl":"https:\/\/secure.gravatar.com\/avatar\/?s=96&d=mm&r=g"},"url":"https:\/\/www.cecubogroup.com\/pt\/blog\/author\/"}]}},"_links":{"self":[{"href":"https:\/\/www.cecubogroup.com\/pt\/wp-json\/wp\/v2\/posts\/6234"}],"collection":[{"href":"https:\/\/www.cecubogroup.com\/pt\/wp-json\/wp\/v2\/posts"}],"about":[{"href":"https:\/\/www.cecubogroup.com\/pt\/wp-json\/wp\/v2\/types\/post"}],"author":[{"embeddable":true,"href":"https:\/\/www.cecubogroup.com\/pt\/wp-json\/wp\/v2\/users\/4"}],"replies":[{"embeddable":true,"href":"https:\/\/www.cecubogroup.com\/pt\/wp-json\/wp\/v2\/comments?post=6234"}],"version-history":[{"count":1,"href":"https:\/\/www.cecubogroup.com\/pt\/wp-json\/wp\/v2\/posts\/6234\/revisions"}],"predecessor-version":[{"id":6750,"href":"https:\/\/www.cecubogroup.com\/pt\/wp-json\/wp\/v2\/posts\/6234\/revisions\/6750"}],"wp:featuredmedia":[{"embeddable":true,"href":"https:\/\/www.cecubogroup.com\/pt\/wp-json\/wp\/v2\/media\/6489"}],"wp:attachment":[{"href":"https:\/\/www.cecubogroup.com\/pt\/wp-json\/wp\/v2\/media?parent=6234"}],"wp:term":[{"taxonomy":"category","embeddable":true,"href":"https:\/\/www.cecubogroup.com\/pt\/wp-json\/wp\/v2\/categories?post=6234"},{"taxonomy":"post_tag","embeddable":true,"href":"https:\/\/www.cecubogroup.com\/pt\/wp-json\/wp\/v2\/tags?post=6234"}],"curies":[{"name":"wp","href":"https:\/\/api.w.org\/{rel}","templated":true}]}}