{"id":6237,"date":"2011-02-22T00:00:00","date_gmt":"2011-02-22T00:00:00","guid":{"rendered":"https:\/\/cecubogroup.com\/?p=6237"},"modified":"2021-04-05T16:42:52","modified_gmt":"2021-04-05T16:42:52","slug":"seminario-de-comunicacion-politica-en-la-uporto","status":"publish","type":"post","link":"https:\/\/www.cecubogroup.com\/pt\/blog\/seminario-de-comunicacion-politica-en-la-uporto\/","title":{"rendered":"Semin\u00e1rio de Comunica\u00e7\u00e3o Pol\u00edtica na U. Porto"},"content":{"rendered":"<p><span style=\"color:rgb(0, 0, 0); font-family:open sans,helvetica,arial,sans-serif; font-size:15px\">Falaremos sobre as estrat\u00e9gias e as novas tend\u00eancias do marketing eleitoral em Espanha, prestando especial aten\u00e7\u00e3o \u00e0s elei\u00e7\u00f5es galegas de 2009. Estas elei\u00e7\u00f5es, que pudemos vivenciar em primeira m\u00e3o, moldaram um novo cen\u00e1rio na pol\u00edtica galega, um novo clima, fomentado por campanhas negativas de sucesso, que se estender\u00e1 \u00e0s pr\u00f3ximas elei\u00e7\u00f5es aut\u00e1rquicas. Falaremos sobre isto e outras coisas amanh\u00e3 na fant\u00e1stica cidade do Porto, agradecendo ao Professor <\/span><a href=\"http:\/\/www.liv.ac.uk\/ewc\/about\/associates\/Novais.htm\" style=\"margin: 0px; padding: 0px; border: 0px; font-size: 15px; vertical-align: baseline; outline: none; color: rgb(51, 51, 51); text-decoration-line: none; font-family: \">Rui Novais<\/a><span style=\"color:rgb(0, 0, 0); font-family:open sans,helvetica,arial,sans-serif; font-size:15px\"> o seu convite para o semin\u00e1rio.<\/span><\/p>","protected":false},"excerpt":{"rendered":"<p>Amanh\u00e3, dia 23 de fevereiro, teremos o prazer de participar no Semin\u00e1rio de Comunica\u00e7\u00e3o Pol\u00edtica, integrado no Mestrado em Ci\u00eancias da Comunica\u00e7\u00e3o, organizado pela Universidade do Porto.<\/p>","protected":false},"author":4,"featured_media":6492,"comment_status":"closed","ping_status":"closed","sticky":false,"template":"","format":"standard","meta":{"_et_pb_use_builder":"","_et_pb_old_content":"","_et_gb_content_width":""},"categories":[1],"tags":[],"yoast_head":"<!-- This site is optimized with the Yoast SEO plugin v16.7 - https:\/\/yoast.com\/wordpress\/plugins\/seo\/ -->\n<title>Seminario de Comunicaci\u00f3n Pol\u00edtica en la U.Porto - Cecubo Group<\/title>\n<meta name=\"robots\" content=\"index, follow, max-snippet:-1, max-image-preview:large, max-video-preview:-1\" \/>\n<link rel=\"canonical\" href=\"https:\/\/www.cecubogroup.com\/pt\/blog\/seminario-de-comunicacion-politica-en-la-uporto\/\" \/>\n<meta property=\"og:locale\" content=\"pt_PT\" \/>\n<meta property=\"og:type\" content=\"article\" \/>\n<meta property=\"og:title\" content=\"Seminario de Comunicaci\u00f3n Pol\u00edtica en la U.Porto - Cecubo Group\" \/>\n<meta property=\"og:description\" content=\"Ma\u00f1ana d\u00eda 23 tendremos el gusto de participar en el Seminario de Comunica\u00e7ao Pol\u00edtica, perteneciente al Mestrado em Ciencias da Comunica\u00e7ao, que organiza en este mes de febrero la Universidad de Porto.\" \/>\n<meta property=\"og:url\" content=\"https:\/\/www.cecubogroup.com\/pt\/blog\/seminario-de-comunicacion-politica-en-la-uporto\/\" \/>\n<meta property=\"og:site_name\" content=\"Cecubo Group\" \/>\n<meta property=\"article:published_time\" content=\"2011-02-22T00:00:00+00:00\" \/>\n<meta property=\"article:modified_time\" content=\"2021-04-05T16:42:52+00:00\" \/>\n<meta name=\"twitter:card\" content=\"summary_large_image\" \/>\n<meta name=\"twitter:image\" content=\"https:\/\/www.cecubogroup.com\/wp-content\/uploads\/2021\/01\/oporto_boris_gayoso-1508868282.jpg\" \/>\n<meta name=\"twitter:label1\" content=\"Escrito por\" \/>\n\t<meta name=\"twitter:data1\" content=\"\" \/>\n<script type=\"application\/ld+json\" class=\"yoast-schema-graph\">{\"@context\":\"https:\/\/schema.org\",\"@graph\":[{\"@type\":\"WebSite\",\"@id\":\"https:\/\/www.cecubogroup.com\/#website\",\"url\":\"https:\/\/www.cecubogroup.com\/\",\"name\":\"Cecubo Group\",\"description\":\"\",\"potentialAction\":[{\"@type\":\"SearchAction\",\"target\":{\"@type\":\"EntryPoint\",\"urlTemplate\":\"https:\/\/www.cecubogroup.com\/?s={search_term_string}\"},\"query-input\":\"required name=search_term_string\"}],\"inLanguage\":\"pt-PT\"},{\"@type\":\"ImageObject\",\"@id\":\"https:\/\/www.cecubogroup.com\/blog\/seminario-de-comunicacion-politica-en-la-uporto\/#primaryimage\",\"inLanguage\":\"pt-PT\",\"url\":\"https:\/\/www.cecubogroup.com\/wp-content\/uploads\/2021\/01\/oporto_boris_gayoso-1508868282.jpg\",\"contentUrl\":\"https:\/\/www.cecubogroup.com\/wp-content\/uploads\/2021\/01\/oporto_boris_gayoso-1508868282.jpg\",\"caption\":\"oporto_boris_gayoso-1508868282.jpg\"},{\"@type\":\"WebPage\",\"@id\":\"https:\/\/www.cecubogroup.com\/blog\/seminario-de-comunicacion-politica-en-la-uporto\/#webpage\",\"url\":\"https:\/\/www.cecubogroup.com\/blog\/seminario-de-comunicacion-politica-en-la-uporto\/\",\"name\":\"Seminario de Comunicaci\\u00f3n Pol\\u00edtica en la U.Porto - Cecubo Group\",\"isPartOf\":{\"@id\":\"https:\/\/www.cecubogroup.com\/#website\"},\"primaryImageOfPage\":{\"@id\":\"https:\/\/www.cecubogroup.com\/blog\/seminario-de-comunicacion-politica-en-la-uporto\/#primaryimage\"},\"datePublished\":\"2011-02-22T00:00:00+00:00\",\"dateModified\":\"2021-04-05T16:42:52+00:00\",\"author\":{\"@id\":\"https:\/\/www.cecubogroup.com\/#\/schema\/person\/760d350d20cf7baed1d099d37d22936f\"},\"breadcrumb\":{\"@id\":\"https:\/\/www.cecubogroup.com\/blog\/seminario-de-comunicacion-politica-en-la-uporto\/#breadcrumb\"},\"inLanguage\":\"pt-PT\",\"potentialAction\":[{\"@type\":\"ReadAction\",\"target\":[\"https:\/\/www.cecubogroup.com\/blog\/seminario-de-comunicacion-politica-en-la-uporto\/\"]}]},{\"@type\":\"BreadcrumbList\",\"@id\":\"https:\/\/www.cecubogroup.com\/blog\/seminario-de-comunicacion-politica-en-la-uporto\/#breadcrumb\",\"itemListElement\":[{\"@type\":\"ListItem\",\"position\":1,\"name\":\"In\\u00edcio\",\"item\":\"https:\/\/www.cecubogroup.com\/\"},{\"@type\":\"ListItem\",\"position\":2,\"name\":\"Seminario de Comunicaci\\u00f3n Pol\\u00edtica en la U.Porto\"}]},{\"@type\":\"Person\",\"@id\":\"https:\/\/www.cecubogroup.com\/#\/schema\/person\/760d350d20cf7baed1d099d37d22936f\",\"name\":\"\",\"image\":{\"@type\":\"ImageObject\",\"@id\":\"https:\/\/www.cecubogroup.com\/#personlogo\",\"inLanguage\":\"pt-PT\",\"url\":\"https:\/\/secure.gravatar.com\/avatar\/?s=96&d=mm&r=g\",\"contentUrl\":\"https:\/\/secure.gravatar.com\/avatar\/?s=96&d=mm&r=g\"},\"url\":\"https:\/\/www.cecubogroup.com\/pt\/blog\/author\/\"}]}<\/script>\n<!-- \/ Yoast SEO plugin. -->","yoast_head_json":{"title":"Seminario de Comunicaci\u00f3n Pol\u00edtica en la U.Porto - Cecubo Group","robots":{"index":"index","follow":"follow","max-snippet":"max-snippet:-1","max-image-preview":"max-image-preview:large","max-video-preview":"max-video-preview:-1"},"canonical":"https:\/\/www.cecubogroup.com\/pt\/blog\/seminario-de-comunicacion-politica-en-la-uporto\/","og_locale":"pt_PT","og_type":"article","og_title":"Seminario de Comunicaci\u00f3n Pol\u00edtica en la U.Porto - Cecubo Group","og_description":"Ma\u00f1ana d\u00eda 23 tendremos el gusto de participar en el Seminario de Comunica\u00e7ao Pol\u00edtica, perteneciente al Mestrado em Ciencias da Comunica\u00e7ao, que organiza en este mes de febrero la Universidad de Porto.","og_url":"https:\/\/www.cecubogroup.com\/pt\/blog\/seminario-de-comunicacion-politica-en-la-uporto\/","og_site_name":"Cecubo Group","article_published_time":"2011-02-22T00:00:00+00:00","article_modified_time":"2021-04-05T16:42:52+00:00","twitter_card":"summary_large_image","twitter_image":"https:\/\/www.cecubogroup.com\/wp-content\/uploads\/2021\/01\/oporto_boris_gayoso-1508868282.jpg","twitter_misc":{"Escrito por":""},"schema":{"@context":"https:\/\/schema.org","@graph":[{"@type":"WebSite","@id":"https:\/\/www.cecubogroup.com\/#website","url":"https:\/\/www.cecubogroup.com\/","name":"Cecubo Group","description":"","potentialAction":[{"@type":"SearchAction","target":{"@type":"EntryPoint","urlTemplate":"https:\/\/www.cecubogroup.com\/?s={search_term_string}"},"query-input":"required name=search_term_string"}],"inLanguage":"pt-PT"},{"@type":"ImageObject","@id":"https:\/\/www.cecubogroup.com\/blog\/seminario-de-comunicacion-politica-en-la-uporto\/#primaryimage","inLanguage":"pt-PT","url":"https:\/\/www.cecubogroup.com\/wp-content\/uploads\/2021\/01\/oporto_boris_gayoso-1508868282.jpg","contentUrl":"https:\/\/www.cecubogroup.com\/wp-content\/uploads\/2021\/01\/oporto_boris_gayoso-1508868282.jpg","caption":"oporto_boris_gayoso-1508868282.jpg"},{"@type":"WebPage","@id":"https:\/\/www.cecubogroup.com\/blog\/seminario-de-comunicacion-politica-en-la-uporto\/#webpage","url":"https:\/\/www.cecubogroup.com\/blog\/seminario-de-comunicacion-politica-en-la-uporto\/","name":"Seminario de Comunicaci\u00f3n Pol\u00edtica en la U.Porto - Cecubo Group","isPartOf":{"@id":"https:\/\/www.cecubogroup.com\/#website"},"primaryImageOfPage":{"@id":"https:\/\/www.cecubogroup.com\/blog\/seminario-de-comunicacion-politica-en-la-uporto\/#primaryimage"},"datePublished":"2011-02-22T00:00:00+00:00","dateModified":"2021-04-05T16:42:52+00:00","author":{"@id":"https:\/\/www.cecubogroup.com\/#\/schema\/person\/760d350d20cf7baed1d099d37d22936f"},"breadcrumb":{"@id":"https:\/\/www.cecubogroup.com\/blog\/seminario-de-comunicacion-politica-en-la-uporto\/#breadcrumb"},"inLanguage":"pt-PT","potentialAction":[{"@type":"ReadAction","target":["https:\/\/www.cecubogroup.com\/blog\/seminario-de-comunicacion-politica-en-la-uporto\/"]}]},{"@type":"BreadcrumbList","@id":"https:\/\/www.cecubogroup.com\/blog\/seminario-de-comunicacion-politica-en-la-uporto\/#breadcrumb","itemListElement":[{"@type":"ListItem","position":1,"name":"In\u00edcio","item":"https:\/\/www.cecubogroup.com\/"},{"@type":"ListItem","position":2,"name":"Seminario de Comunicaci\u00f3n Pol\u00edtica en la U.Porto"}]},{"@type":"Person","@id":"https:\/\/www.cecubogroup.com\/#\/schema\/person\/760d350d20cf7baed1d099d37d22936f","name":"","image":{"@type":"ImageObject","@id":"https:\/\/www.cecubogroup.com\/#personlogo","inLanguage":"pt-PT","url":"https:\/\/secure.gravatar.com\/avatar\/?s=96&d=mm&r=g","contentUrl":"https:\/\/secure.gravatar.com\/avatar\/?s=96&d=mm&r=g"},"url":"https:\/\/www.cecubogroup.com\/pt\/blog\/author\/"}]}},"_links":{"self":[{"href":"https:\/\/www.cecubogroup.com\/pt\/wp-json\/wp\/v2\/posts\/6237"}],"collection":[{"href":"https:\/\/www.cecubogroup.com\/pt\/wp-json\/wp\/v2\/posts"}],"about":[{"href":"https:\/\/www.cecubogroup.com\/pt\/wp-json\/wp\/v2\/types\/post"}],"author":[{"embeddable":true,"href":"https:\/\/www.cecubogroup.com\/pt\/wp-json\/wp\/v2\/users\/4"}],"replies":[{"embeddable":true,"href":"https:\/\/www.cecubogroup.com\/pt\/wp-json\/wp\/v2\/comments?post=6237"}],"version-history":[{"count":1,"href":"https:\/\/www.cecubogroup.com\/pt\/wp-json\/wp\/v2\/posts\/6237\/revisions"}],"predecessor-version":[{"id":6753,"href":"https:\/\/www.cecubogroup.com\/pt\/wp-json\/wp\/v2\/posts\/6237\/revisions\/6753"}],"wp:featuredmedia":[{"embeddable":true,"href":"https:\/\/www.cecubogroup.com\/pt\/wp-json\/wp\/v2\/media\/6492"}],"wp:attachment":[{"href":"https:\/\/www.cecubogroup.com\/pt\/wp-json\/wp\/v2\/media?parent=6237"}],"wp:term":[{"taxonomy":"category","embeddable":true,"href":"https:\/\/www.cecubogroup.com\/pt\/wp-json\/wp\/v2\/categories?post=6237"},{"taxonomy":"post_tag","embeddable":true,"href":"https:\/\/www.cecubogroup.com\/pt\/wp-json\/wp\/v2\/tags?post=6237"}],"curies":[{"name":"wp","href":"https:\/\/api.w.org\/{rel}","templated":true}]}}