{"id":6264,"date":"2009-05-14T00:00:00","date_gmt":"2009-05-14T00:00:00","guid":{"rendered":"https:\/\/cecubogroup.com\/?p=6264"},"modified":"2021-04-05T16:45:53","modified_gmt":"2021-04-05T16:45:53","slug":"la-estrategia-de-florentino","status":"publish","type":"post","link":"https:\/\/www.cecubogroup.com\/pt\/blog\/la-estrategia-de-florentino\/","title":{"rendered":"A estrat\u00e9gia de Florentino"},"content":{"rendered":"<p>\u00c9 \u00f3bvio que a resposta \u00e9 n\u00e3o. Que em tudo isto houve uma estrat\u00e9gia de comunica\u00e7\u00e3o que, aproveitando a boa imagem do presidente da ACS, a m\u00e1 situa\u00e7\u00e3o institucional e desportiva do Real Madrid, e trabalhando - ou tendo - o apoio dos dois principais meios desportivos de Madrid (e dos que n\u00e3o s\u00e3o t\u00e3o desportivos).<\/p>\n<p>Confesso que n\u00e3o tenho acompanhado muito as not\u00edcias desportivas nos \u00faltimos meses, mas quando toda a gente se surpreendeu nestes dias com a forma como Florentino era quase presidente do Real Madrid por proclama\u00e7\u00e3o, quando, oficialmente, ningu\u00e9m sabia se ele queria ser, lembrei-me de uma segunda-feira em novembro-dezembro. Nessa segunda-feira, n\u00e3o me lembro onde nem como, o Madrid tinha feito um jogo muito mau e tinha perdido. Tomando um caf\u00e9 com os meus colegas de trabalho, folheando a Marca como de costume, vimos que na primeira p\u00e1gina do di\u00e1rio desportivo Florentino aparecia numa fotografia acompanhado por Zidane e Ronaldo \u00e0 direita e \u00e0 esquerda. Sei que, para quem percebe de comunica\u00e7\u00e3o, n\u00e3o vou dizer nada de novo ao afirmar isto, mas na altura disse aos meus colegas: \"Florentino est\u00e1 a preparar a sua corrida presidencial para regressar a Madrid e, obviamente, tem todo o apoio da Marca e do El Mundo, e o AS vai juntar-se a ele\". O s\u00f3cio madridista, por seu lado, chegou ao trabalho nesse dia chateado, fez o mesmo que eu, tomou um caf\u00e9, pegou no jornal, viu uma fotografia que lhe fez lembrar os tempos \u00e1ureos e pensou \"tinha de ser esta a da caixa\".<\/p>\n<p>Pouco tempo depois, foi a Marca que assinou a senten\u00e7a de Ram\u00f3n Calder\u00f3n como presidente do Real Madrid, ao publicar todo o esc\u00e2ndalo da Assembleia de S\u00f3cios manipulada. Calder\u00f3n demitiu-se e o primeiro passo, a convoca\u00e7\u00e3o de elei\u00e7\u00f5es, era inevit\u00e1vel.<\/p>\n<p>Passaram quatro meses, admito que n\u00e3o acompanhei muito as not\u00edcias desportivas, at\u00e9 ao jogo Madrid-Bar\u00e7a, h\u00e1 quinze dias. Quando acabou a goleada dos blaugrana, disse a um amigo: \"Na segunda-feira, Florentino vai estar na primeira p\u00e1gina da Marca\", o que aconteceu poucas horas depois. Florentino estava na primeira p\u00e1gina do Marca e o site do jornal quase se parecia com o site de P\u00e9rez. Nessa segunda-feira, voltou a acontecer o mesmo ao madridista. Enquanto o empregado do Atleti o \"chateava\", o amigo de Barcelona lhe tinha enviado uma mensagem e ele nem se queria lembrar do jogo de s\u00e1bado, Florentino apareceu para o salvar.<\/p>\n<p>E hoje, o ex-presidente do Real Madrid d\u00e1 mais um passo em frente. Depois da final da Ta\u00e7a do Rei de ontem, em que o Bar\u00e7a venceu o Athletic Bilbao, \u00e9 o primeiro t\u00edtulo da mais do que certa dupla ou poss\u00edvel tripla dos blaugrana... Um dia em que o s\u00f3cio branco est\u00e1 a pensar no que o espera durante as pr\u00f3ximas semanas, que Eto'o vai mais para a Generalitat do que para Montilla... Pois bem, \u00e9 a\u00ed que se confirma o aparecimento do salvador do clube de Florentino. Ele apresenta a sua candidatura. N\u00e3o precisar\u00e1 de apresentar um programa, nem contrata\u00e7\u00f5es, nem nada... Amanh\u00e3 estar\u00e1 na primeira p\u00e1gina dos jornais desportivos (e alguns n\u00e3o t\u00e3o desportivos).<\/p>\n<p>Este \u00e9 parte do caminho que Florentino P\u00e9rez percorreu. Um caminho que est\u00e1 a percorrer depois de j\u00e1 ter participado em 3 elei\u00e7\u00f5es no Real Madrid. Uma foi-lhe roubada, e ele aprendeu muito com isso. Ganhou duas, e agora volta a tentar, com mais li\u00e7\u00f5es aprendidas.<\/p>\n<p>[Come\u00e7a a confer\u00eancia de imprensa de Florentino P\u00e9rez].<\/p>\n<p><a href=\"http:\/\/3.bp.blogspot.com\/_PV-sx5yHXwA\/SgwGl-ClZAI\/AAAAAAAAAFc\/CH7f4wt9wpU\/s1600-h\/1242299700.jpg\" style=\"margin: 0px; padding: 0px; border: 0px; vertical-align: baseline; outline: none; color: rgb(51, 51, 51); text-decoration-line: none;\"><img alt=\"\" id=\"BLOGGER_PHOTO_ID_5335646907905958914\" src=\"http:\/\/3.bp.blogspot.com\/_PV-sx5yHXwA\/SgwGl-ClZAI\/AAAAAAAAAFc\/CH7f4wt9wpU\/s320\/1242299700.jpg\" style=\"border-radius:3px; border-style:initial; border-width:0px; box-shadow:rgba(0, 0, 0, 0.2) 0px 1px 4px; margin:0px; max-width:100%; padding:0px; user-select:none; vertical-align:baseline\" \/><\/a><\/p>\n<p>A estrat\u00e9gia de Florentino tem um objetivo definido - ser presidente do Real Madrid -, um p\u00fablico-alvo - os s\u00f3cios do clube -, instrumentos de comunica\u00e7\u00e3o poderosos - os dois jornais com maior n\u00famero de leitores no pa\u00eds -, e uma mensagem muito clara - o Madrid \u00e9 o clube mais importante do mundo e eu quero coloc\u00e1-lo no seu lugar; fiz mal em sair, embora o tenha feito pensando que era o melhor para o clube; agora, assumo a responsabilidade de me candidatar -. Durante a confer\u00eancia de imprensa, contou a hist\u00f3ria da sua passagem pelo Madrid e assumiu os erros do passado, defendendo a sua anterior dire\u00e7\u00e3o. Tamb\u00e9m enfrentou a realidade do clube.<\/p>\n<p>N\u00e3o anunciou mais nada..., nem precisa de o fazer. J\u00e1 vai estar a fazer todas as manchetes com contrata\u00e7\u00f5es, treinadores, projectos institucionais, basquetebol, Zidane, etc.<\/p>\n<p>Boa tarde.<\/p>","protected":false},"excerpt":{"rendered":"<p>Faltam apenas alguns minutos para Florentino P\u00e9rez apresentar a sua candidatura \u00e0s elei\u00e7\u00f5es do Real Madrid, que dever\u00e3o realizar-se a 14 de junho. \u00c9 quase certo que Florentino P\u00e9rez ser\u00e1 o pr\u00f3ximo presidente do Real Madrid. E porqu\u00ea tudo isto? Ser\u00e1 que Florentino \u00e9 t\u00e3o bom, ser\u00e1 que pode ser um grande gestor - ou que os madridistas pensam que pode ser?<\/p>","protected":false},"author":4,"featured_media":6519,"comment_status":"closed","ping_status":"closed","sticky":false,"template":"","format":"standard","meta":{"_et_pb_use_builder":"","_et_pb_old_content":"","_et_gb_content_width":""},"categories":[1],"tags":[],"yoast_head":"<!-- This site is optimized with the Yoast SEO plugin v16.7 - https:\/\/yoast.com\/wordpress\/plugins\/seo\/ -->\n<title>La estrategia de Florentino - Cecubo Group<\/title>\n<meta name=\"robots\" content=\"index, follow, max-snippet:-1, max-image-preview:large, max-video-preview:-1\" \/>\n<link rel=\"canonical\" href=\"https:\/\/www.cecubogroup.com\/pt\/blog\/la-estrategia-de-florentino\/\" \/>\n<meta property=\"og:locale\" content=\"pt_PT\" \/>\n<meta property=\"og:type\" content=\"article\" \/>\n<meta property=\"og:title\" content=\"La estrategia de Florentino - Cecubo Group\" \/>\n<meta property=\"og:description\" content=\"Quedan pocos minutos para que Florentino P\u00e9rez presente su candidatura a las elecciones del Real Madrid que se celebrar\u00e1n, supuestamente, el 14 de Junio. Casi con toda seguridad, Florentino P\u00e9rez ser\u00e1 el pr\u00f3ximo presidente de la entidad blanca. Y todo esto, \u00bfpor qu\u00e9? \u00bfEs simplemente lo bueno que es Florentino, es s\u00f3lo lo gran gestor que puede llegar a ser -o que los madridistas piensan que puede ser- ?\" \/>\n<meta property=\"og:url\" content=\"https:\/\/www.cecubogroup.com\/pt\/blog\/la-estrategia-de-florentino\/\" \/>\n<meta property=\"og:site_name\" content=\"Cecubo Group\" \/>\n<meta property=\"article:published_time\" content=\"2009-05-14T00:00:00+00:00\" \/>\n<meta property=\"article:modified_time\" content=\"2021-04-05T16:45:53+00:00\" \/>\n<meta name=\"twitter:card\" content=\"summary_large_image\" \/>\n<meta name=\"twitter:image\" content=\"https:\/\/www.cecubogroup.com\/wp-content\/uploads\/2021\/01\/florentino-1508875590.jpg\" \/>\n<meta name=\"twitter:label1\" content=\"Escrito por\" \/>\n\t<meta name=\"twitter:data1\" content=\"\" \/>\n\t<meta name=\"twitter:label2\" content=\"Tempo estimado de leitura\" \/>\n\t<meta name=\"twitter:data2\" content=\"4 minutos\" \/>\n<script type=\"application\/ld+json\" class=\"yoast-schema-graph\">{\"@context\":\"https:\/\/schema.org\",\"@graph\":[{\"@type\":\"WebSite\",\"@id\":\"https:\/\/www.cecubogroup.com\/#website\",\"url\":\"https:\/\/www.cecubogroup.com\/\",\"name\":\"Cecubo Group\",\"description\":\"\",\"potentialAction\":[{\"@type\":\"SearchAction\",\"target\":{\"@type\":\"EntryPoint\",\"urlTemplate\":\"https:\/\/www.cecubogroup.com\/?s={search_term_string}\"},\"query-input\":\"required name=search_term_string\"}],\"inLanguage\":\"pt-PT\"},{\"@type\":\"ImageObject\",\"@id\":\"https:\/\/www.cecubogroup.com\/blog\/la-estrategia-de-florentino\/#primaryimage\",\"inLanguage\":\"pt-PT\",\"url\":\"https:\/\/www.cecubogroup.com\/wp-content\/uploads\/2021\/01\/florentino-1508875590.jpg\",\"contentUrl\":\"https:\/\/www.cecubogroup.com\/wp-content\/uploads\/2021\/01\/florentino-1508875590.jpg\",\"caption\":\"florentino-1508875590.jpg\"},{\"@type\":\"WebPage\",\"@id\":\"https:\/\/www.cecubogroup.com\/blog\/la-estrategia-de-florentino\/#webpage\",\"url\":\"https:\/\/www.cecubogroup.com\/blog\/la-estrategia-de-florentino\/\",\"name\":\"La estrategia de Florentino - Cecubo Group\",\"isPartOf\":{\"@id\":\"https:\/\/www.cecubogroup.com\/#website\"},\"primaryImageOfPage\":{\"@id\":\"https:\/\/www.cecubogroup.com\/blog\/la-estrategia-de-florentino\/#primaryimage\"},\"datePublished\":\"2009-05-14T00:00:00+00:00\",\"dateModified\":\"2021-04-05T16:45:53+00:00\",\"author\":{\"@id\":\"https:\/\/www.cecubogroup.com\/#\/schema\/person\/760d350d20cf7baed1d099d37d22936f\"},\"breadcrumb\":{\"@id\":\"https:\/\/www.cecubogroup.com\/blog\/la-estrategia-de-florentino\/#breadcrumb\"},\"inLanguage\":\"pt-PT\",\"potentialAction\":[{\"@type\":\"ReadAction\",\"target\":[\"https:\/\/www.cecubogroup.com\/blog\/la-estrategia-de-florentino\/\"]}]},{\"@type\":\"BreadcrumbList\",\"@id\":\"https:\/\/www.cecubogroup.com\/blog\/la-estrategia-de-florentino\/#breadcrumb\",\"itemListElement\":[{\"@type\":\"ListItem\",\"position\":1,\"name\":\"In\\u00edcio\",\"item\":\"https:\/\/www.cecubogroup.com\/\"},{\"@type\":\"ListItem\",\"position\":2,\"name\":\"La estrategia de Florentino\"}]},{\"@type\":\"Person\",\"@id\":\"https:\/\/www.cecubogroup.com\/#\/schema\/person\/760d350d20cf7baed1d099d37d22936f\",\"name\":\"\",\"image\":{\"@type\":\"ImageObject\",\"@id\":\"https:\/\/www.cecubogroup.com\/#personlogo\",\"inLanguage\":\"pt-PT\",\"url\":\"https:\/\/secure.gravatar.com\/avatar\/?s=96&d=mm&r=g\",\"contentUrl\":\"https:\/\/secure.gravatar.com\/avatar\/?s=96&d=mm&r=g\"},\"url\":\"https:\/\/www.cecubogroup.com\/pt\/blog\/author\/\"}]}<\/script>\n<!-- \/ Yoast SEO plugin. -->","yoast_head_json":{"title":"La estrategia de Florentino - Cecubo Group","robots":{"index":"index","follow":"follow","max-snippet":"max-snippet:-1","max-image-preview":"max-image-preview:large","max-video-preview":"max-video-preview:-1"},"canonical":"https:\/\/www.cecubogroup.com\/pt\/blog\/la-estrategia-de-florentino\/","og_locale":"pt_PT","og_type":"article","og_title":"La estrategia de Florentino - Cecubo Group","og_description":"Quedan pocos minutos para que Florentino P\u00e9rez presente su candidatura a las elecciones del Real Madrid que se celebrar\u00e1n, supuestamente, el 14 de Junio. Casi con toda seguridad, Florentino P\u00e9rez ser\u00e1 el pr\u00f3ximo presidente de la entidad blanca. Y todo esto, \u00bfpor qu\u00e9? \u00bfEs simplemente lo bueno que es Florentino, es s\u00f3lo lo gran gestor que puede llegar a ser -o que los madridistas piensan que puede ser- ?","og_url":"https:\/\/www.cecubogroup.com\/pt\/blog\/la-estrategia-de-florentino\/","og_site_name":"Cecubo Group","article_published_time":"2009-05-14T00:00:00+00:00","article_modified_time":"2021-04-05T16:45:53+00:00","twitter_card":"summary_large_image","twitter_image":"https:\/\/www.cecubogroup.com\/wp-content\/uploads\/2021\/01\/florentino-1508875590.jpg","twitter_misc":{"Escrito por":"","Tempo estimado de leitura":"4 minutos"},"schema":{"@context":"https:\/\/schema.org","@graph":[{"@type":"WebSite","@id":"https:\/\/www.cecubogroup.com\/#website","url":"https:\/\/www.cecubogroup.com\/","name":"Cecubo Group","description":"","potentialAction":[{"@type":"SearchAction","target":{"@type":"EntryPoint","urlTemplate":"https:\/\/www.cecubogroup.com\/?s={search_term_string}"},"query-input":"required name=search_term_string"}],"inLanguage":"pt-PT"},{"@type":"ImageObject","@id":"https:\/\/www.cecubogroup.com\/blog\/la-estrategia-de-florentino\/#primaryimage","inLanguage":"pt-PT","url":"https:\/\/www.cecubogroup.com\/wp-content\/uploads\/2021\/01\/florentino-1508875590.jpg","contentUrl":"https:\/\/www.cecubogroup.com\/wp-content\/uploads\/2021\/01\/florentino-1508875590.jpg","caption":"florentino-1508875590.jpg"},{"@type":"WebPage","@id":"https:\/\/www.cecubogroup.com\/blog\/la-estrategia-de-florentino\/#webpage","url":"https:\/\/www.cecubogroup.com\/blog\/la-estrategia-de-florentino\/","name":"La estrategia de Florentino - Cecubo Group","isPartOf":{"@id":"https:\/\/www.cecubogroup.com\/#website"},"primaryImageOfPage":{"@id":"https:\/\/www.cecubogroup.com\/blog\/la-estrategia-de-florentino\/#primaryimage"},"datePublished":"2009-05-14T00:00:00+00:00","dateModified":"2021-04-05T16:45:53+00:00","author":{"@id":"https:\/\/www.cecubogroup.com\/#\/schema\/person\/760d350d20cf7baed1d099d37d22936f"},"breadcrumb":{"@id":"https:\/\/www.cecubogroup.com\/blog\/la-estrategia-de-florentino\/#breadcrumb"},"inLanguage":"pt-PT","potentialAction":[{"@type":"ReadAction","target":["https:\/\/www.cecubogroup.com\/blog\/la-estrategia-de-florentino\/"]}]},{"@type":"BreadcrumbList","@id":"https:\/\/www.cecubogroup.com\/blog\/la-estrategia-de-florentino\/#breadcrumb","itemListElement":[{"@type":"ListItem","position":1,"name":"In\u00edcio","item":"https:\/\/www.cecubogroup.com\/"},{"@type":"ListItem","position":2,"name":"La estrategia de Florentino"}]},{"@type":"Person","@id":"https:\/\/www.cecubogroup.com\/#\/schema\/person\/760d350d20cf7baed1d099d37d22936f","name":"","image":{"@type":"ImageObject","@id":"https:\/\/www.cecubogroup.com\/#personlogo","inLanguage":"pt-PT","url":"https:\/\/secure.gravatar.com\/avatar\/?s=96&d=mm&r=g","contentUrl":"https:\/\/secure.gravatar.com\/avatar\/?s=96&d=mm&r=g"},"url":"https:\/\/www.cecubogroup.com\/pt\/blog\/author\/"}]}},"_links":{"self":[{"href":"https:\/\/www.cecubogroup.com\/pt\/wp-json\/wp\/v2\/posts\/6264"}],"collection":[{"href":"https:\/\/www.cecubogroup.com\/pt\/wp-json\/wp\/v2\/posts"}],"about":[{"href":"https:\/\/www.cecubogroup.com\/pt\/wp-json\/wp\/v2\/types\/post"}],"author":[{"embeddable":true,"href":"https:\/\/www.cecubogroup.com\/pt\/wp-json\/wp\/v2\/users\/4"}],"replies":[{"embeddable":true,"href":"https:\/\/www.cecubogroup.com\/pt\/wp-json\/wp\/v2\/comments?post=6264"}],"version-history":[{"count":1,"href":"https:\/\/www.cecubogroup.com\/pt\/wp-json\/wp\/v2\/posts\/6264\/revisions"}],"predecessor-version":[{"id":6780,"href":"https:\/\/www.cecubogroup.com\/pt\/wp-json\/wp\/v2\/posts\/6264\/revisions\/6780"}],"wp:featuredmedia":[{"embeddable":true,"href":"https:\/\/www.cecubogroup.com\/pt\/wp-json\/wp\/v2\/media\/6519"}],"wp:attachment":[{"href":"https:\/\/www.cecubogroup.com\/pt\/wp-json\/wp\/v2\/media?parent=6264"}],"wp:term":[{"taxonomy":"category","embeddable":true,"href":"https:\/\/www.cecubogroup.com\/pt\/wp-json\/wp\/v2\/categories?post=6264"},{"taxonomy":"post_tag","embeddable":true,"href":"https:\/\/www.cecubogroup.com\/pt\/wp-json\/wp\/v2\/tags?post=6264"}],"curies":[{"name":"wp","href":"https:\/\/api.w.org\/{rel}","templated":true}]}}