{"id":6265,"date":"2009-05-11T00:00:00","date_gmt":"2009-05-11T00:00:00","guid":{"rendered":"https:\/\/cecubogroup.com\/?p=6265"},"modified":"2021-04-05T16:46:00","modified_gmt":"2021-04-05T16:46:00","slug":"la-maniobra-para-el-debate","status":"publish","type":"post","link":"https:\/\/www.cecubogroup.com\/pt\/blog\/la-maniobra-para-el-debate\/","title":{"rendered":"A manobra para o debate"},"content":{"rendered":"<p>A menos de 24 horas do debate sobre o Estado da Na\u00e7\u00e3o, o Governo est\u00e1 a enviar duas mensagens muito claras. Por um lado, a pol\u00edtica social, \"este governo est\u00e1 do lado das mulheres\". Por outro lado, a permissividade zero com as empresas poluentes, a luta contra a polui\u00e7\u00e3o, contra as altera\u00e7\u00f5es clim\u00e1ticas.<\/p>\n<p>E, como digo, tudo isto a menos de 24 horas do Debate sobre o Estado da Na\u00e7\u00e3o, o debate mais dif\u00edcil que o Presidente enfrentar\u00e1 desde a sua chegada \u00e0 Moncloa. Um debate que ser\u00e1 marcado pela crise, no qual se espera que Zapatero parta para o ataque com mais planos contra ela e tentar\u00e1 enfatizar o car\u00e1cter social das suas medidas (alargamento do subs\u00eddio de desemprego). A estrat\u00e9gia de Rajoy ser\u00e1 tentar colocar o Presidente nas cordas, recordando as diferentes vis\u00f5es que teve da crise ao longo do tempo e a sua frase \"os piores n\u00fameros do desemprego deste governo ser\u00e3o sempre melhores do que os melhores do PP\"; e, por outro lado, apresentar-se como alternativa atrav\u00e9s do seu pr\u00f3prio plano de medidas.<\/p>\n<p>A grande quest\u00e3o \u00e9 saber se Rajoy, desta vez com tudo a seu favor, ser\u00e1 capaz de quebrar Zapatero, ou, como muitos dizem, j\u00e1 n\u00e3o \u00e9 o seu momento e n\u00e3o ser\u00e1 capaz de reposicionar a sua mensagem.<\/p>\n<p>A resposta, amanh\u00e3 \u00e0s 12h00.<\/p>","protected":false},"excerpt":{"rendered":"<p>Hoje, o Governo divulgou duas not\u00edcias importantes:<\/p>\n<p>- numa confer\u00eancia de imprensa partilhada por Trinidad Jim\u00e9nez, Ministra da Sa\u00fade e das Pol\u00edticas Sociais, e Bibiana A\u00eddo, Ministra da Igualdade, anunciou que, dentro de tr\u00eas meses, a p\u00edlula p\u00f3s-coital (tamb\u00e9m conhecida como p\u00edlula do dia seguinte) estar\u00e1 dispon\u00edvel gratuitamente em todas as farm\u00e1cias.<br \/>\n- O Ministro da Ind\u00fastria, Miguel Sebasti\u00e1n, assinou hoje a multa de 14,5 milh\u00f5es de euros contra a central nuclear Asc\u00f3 II, a mais elevada jamais aplicada a uma instala\u00e7\u00e3o deste tipo na hist\u00f3ria de Espanha.<\/p>","protected":false},"author":4,"featured_media":6520,"comment_status":"closed","ping_status":"closed","sticky":false,"template":"","format":"standard","meta":{"_et_pb_use_builder":"","_et_pb_old_content":"","_et_gb_content_width":""},"categories":[1],"tags":[],"yoast_head":"<!-- This site is optimized with the Yoast SEO plugin v16.7 - https:\/\/yoast.com\/wordpress\/plugins\/seo\/ -->\n<title>La maniobra para el debate - Cecubo Group<\/title>\n<meta name=\"robots\" content=\"index, follow, max-snippet:-1, max-image-preview:large, max-video-preview:-1\" \/>\n<link rel=\"canonical\" href=\"https:\/\/www.cecubogroup.com\/pt\/blog\/la-maniobra-para-el-debate\/\" \/>\n<meta property=\"og:locale\" content=\"pt_PT\" \/>\n<meta property=\"og:type\" content=\"article\" \/>\n<meta property=\"og:title\" content=\"La maniobra para el debate - Cecubo Group\" \/>\n<meta property=\"og:description\" content=\"Hoy el Gobierno ha hecho p\u00fablicas dos noticias importantes:  - en rueda de prensa compartida por Trinidad Jim\u00e9nez, Ministra de Sanidad y Pol\u00edtica Social, y Bibiana A\u00eddo, Ministra de Igualdad, han anunciado que en un plazo de tres meses, la p\u00edldora post coital (tambi\u00e9n llamada p\u00edldora del d\u00eda siguiente) se vender\u00e1 libremente en todas las farmacias. - el Ministro de Industria, Miguel Sebasti\u00e1n, ha firmado hoy la sanci\u00f3n contra la central nuclear Asc\u00f3 II por valor de 14,5 millones de euros, la m\u00e1s alta impuesta a una instalaci\u00f3n de este tipo en la historia de Espa\u00f1a.\" \/>\n<meta property=\"og:url\" content=\"https:\/\/www.cecubogroup.com\/pt\/blog\/la-maniobra-para-el-debate\/\" \/>\n<meta property=\"og:site_name\" content=\"Cecubo Group\" \/>\n<meta property=\"article:published_time\" content=\"2009-05-11T00:00:00+00:00\" \/>\n<meta property=\"article:modified_time\" content=\"2021-04-05T16:46:00+00:00\" \/>\n<meta name=\"twitter:card\" content=\"summary_large_image\" \/>\n<meta name=\"twitter:image\" content=\"https:\/\/www.cecubogroup.com\/wp-content\/uploads\/2021\/01\/rajoy-1508875742.jpg\" \/>\n<meta name=\"twitter:label1\" content=\"Escrito por\" \/>\n\t<meta name=\"twitter:data1\" content=\"\" \/>\n\t<meta name=\"twitter:label2\" content=\"Tempo estimado de leitura\" \/>\n\t<meta name=\"twitter:data2\" content=\"1 minuto\" \/>\n<script type=\"application\/ld+json\" class=\"yoast-schema-graph\">{\"@context\":\"https:\/\/schema.org\",\"@graph\":[{\"@type\":\"WebSite\",\"@id\":\"https:\/\/www.cecubogroup.com\/#website\",\"url\":\"https:\/\/www.cecubogroup.com\/\",\"name\":\"Cecubo Group\",\"description\":\"\",\"potentialAction\":[{\"@type\":\"SearchAction\",\"target\":{\"@type\":\"EntryPoint\",\"urlTemplate\":\"https:\/\/www.cecubogroup.com\/?s={search_term_string}\"},\"query-input\":\"required name=search_term_string\"}],\"inLanguage\":\"pt-PT\"},{\"@type\":\"ImageObject\",\"@id\":\"https:\/\/www.cecubogroup.com\/blog\/la-maniobra-para-el-debate\/#primaryimage\",\"inLanguage\":\"pt-PT\",\"url\":\"https:\/\/www.cecubogroup.com\/wp-content\/uploads\/2021\/01\/rajoy-1508875742.jpg\",\"contentUrl\":\"https:\/\/www.cecubogroup.com\/wp-content\/uploads\/2021\/01\/rajoy-1508875742.jpg\",\"caption\":\"rajoy-1508875742.jpg\"},{\"@type\":\"WebPage\",\"@id\":\"https:\/\/www.cecubogroup.com\/blog\/la-maniobra-para-el-debate\/#webpage\",\"url\":\"https:\/\/www.cecubogroup.com\/blog\/la-maniobra-para-el-debate\/\",\"name\":\"La maniobra para el debate - Cecubo Group\",\"isPartOf\":{\"@id\":\"https:\/\/www.cecubogroup.com\/#website\"},\"primaryImageOfPage\":{\"@id\":\"https:\/\/www.cecubogroup.com\/blog\/la-maniobra-para-el-debate\/#primaryimage\"},\"datePublished\":\"2009-05-11T00:00:00+00:00\",\"dateModified\":\"2021-04-05T16:46:00+00:00\",\"author\":{\"@id\":\"https:\/\/www.cecubogroup.com\/#\/schema\/person\/760d350d20cf7baed1d099d37d22936f\"},\"breadcrumb\":{\"@id\":\"https:\/\/www.cecubogroup.com\/blog\/la-maniobra-para-el-debate\/#breadcrumb\"},\"inLanguage\":\"pt-PT\",\"potentialAction\":[{\"@type\":\"ReadAction\",\"target\":[\"https:\/\/www.cecubogroup.com\/blog\/la-maniobra-para-el-debate\/\"]}]},{\"@type\":\"BreadcrumbList\",\"@id\":\"https:\/\/www.cecubogroup.com\/blog\/la-maniobra-para-el-debate\/#breadcrumb\",\"itemListElement\":[{\"@type\":\"ListItem\",\"position\":1,\"name\":\"In\\u00edcio\",\"item\":\"https:\/\/www.cecubogroup.com\/\"},{\"@type\":\"ListItem\",\"position\":2,\"name\":\"La maniobra para el debate\"}]},{\"@type\":\"Person\",\"@id\":\"https:\/\/www.cecubogroup.com\/#\/schema\/person\/760d350d20cf7baed1d099d37d22936f\",\"name\":\"\",\"image\":{\"@type\":\"ImageObject\",\"@id\":\"https:\/\/www.cecubogroup.com\/#personlogo\",\"inLanguage\":\"pt-PT\",\"url\":\"https:\/\/secure.gravatar.com\/avatar\/?s=96&d=mm&r=g\",\"contentUrl\":\"https:\/\/secure.gravatar.com\/avatar\/?s=96&d=mm&r=g\"},\"url\":\"https:\/\/www.cecubogroup.com\/pt\/blog\/author\/\"}]}<\/script>\n<!-- \/ Yoast SEO plugin. -->","yoast_head_json":{"title":"La maniobra para el debate - Cecubo Group","robots":{"index":"index","follow":"follow","max-snippet":"max-snippet:-1","max-image-preview":"max-image-preview:large","max-video-preview":"max-video-preview:-1"},"canonical":"https:\/\/www.cecubogroup.com\/pt\/blog\/la-maniobra-para-el-debate\/","og_locale":"pt_PT","og_type":"article","og_title":"La maniobra para el debate - Cecubo Group","og_description":"Hoy el Gobierno ha hecho p\u00fablicas dos noticias importantes:  - en rueda de prensa compartida por Trinidad Jim\u00e9nez, Ministra de Sanidad y Pol\u00edtica Social, y Bibiana A\u00eddo, Ministra de Igualdad, han anunciado que en un plazo de tres meses, la p\u00edldora post coital (tambi\u00e9n llamada p\u00edldora del d\u00eda siguiente) se vender\u00e1 libremente en todas las farmacias. - el Ministro de Industria, Miguel Sebasti\u00e1n, ha firmado hoy la sanci\u00f3n contra la central nuclear Asc\u00f3 II por valor de 14,5 millones de euros, la m\u00e1s alta impuesta a una instalaci\u00f3n de este tipo en la historia de Espa\u00f1a.","og_url":"https:\/\/www.cecubogroup.com\/pt\/blog\/la-maniobra-para-el-debate\/","og_site_name":"Cecubo Group","article_published_time":"2009-05-11T00:00:00+00:00","article_modified_time":"2021-04-05T16:46:00+00:00","twitter_card":"summary_large_image","twitter_image":"https:\/\/www.cecubogroup.com\/wp-content\/uploads\/2021\/01\/rajoy-1508875742.jpg","twitter_misc":{"Escrito por":"","Tempo estimado de leitura":"1 minuto"},"schema":{"@context":"https:\/\/schema.org","@graph":[{"@type":"WebSite","@id":"https:\/\/www.cecubogroup.com\/#website","url":"https:\/\/www.cecubogroup.com\/","name":"Cecubo Group","description":"","potentialAction":[{"@type":"SearchAction","target":{"@type":"EntryPoint","urlTemplate":"https:\/\/www.cecubogroup.com\/?s={search_term_string}"},"query-input":"required name=search_term_string"}],"inLanguage":"pt-PT"},{"@type":"ImageObject","@id":"https:\/\/www.cecubogroup.com\/blog\/la-maniobra-para-el-debate\/#primaryimage","inLanguage":"pt-PT","url":"https:\/\/www.cecubogroup.com\/wp-content\/uploads\/2021\/01\/rajoy-1508875742.jpg","contentUrl":"https:\/\/www.cecubogroup.com\/wp-content\/uploads\/2021\/01\/rajoy-1508875742.jpg","caption":"rajoy-1508875742.jpg"},{"@type":"WebPage","@id":"https:\/\/www.cecubogroup.com\/blog\/la-maniobra-para-el-debate\/#webpage","url":"https:\/\/www.cecubogroup.com\/blog\/la-maniobra-para-el-debate\/","name":"La maniobra para el debate - Cecubo Group","isPartOf":{"@id":"https:\/\/www.cecubogroup.com\/#website"},"primaryImageOfPage":{"@id":"https:\/\/www.cecubogroup.com\/blog\/la-maniobra-para-el-debate\/#primaryimage"},"datePublished":"2009-05-11T00:00:00+00:00","dateModified":"2021-04-05T16:46:00+00:00","author":{"@id":"https:\/\/www.cecubogroup.com\/#\/schema\/person\/760d350d20cf7baed1d099d37d22936f"},"breadcrumb":{"@id":"https:\/\/www.cecubogroup.com\/blog\/la-maniobra-para-el-debate\/#breadcrumb"},"inLanguage":"pt-PT","potentialAction":[{"@type":"ReadAction","target":["https:\/\/www.cecubogroup.com\/blog\/la-maniobra-para-el-debate\/"]}]},{"@type":"BreadcrumbList","@id":"https:\/\/www.cecubogroup.com\/blog\/la-maniobra-para-el-debate\/#breadcrumb","itemListElement":[{"@type":"ListItem","position":1,"name":"In\u00edcio","item":"https:\/\/www.cecubogroup.com\/"},{"@type":"ListItem","position":2,"name":"La maniobra para el debate"}]},{"@type":"Person","@id":"https:\/\/www.cecubogroup.com\/#\/schema\/person\/760d350d20cf7baed1d099d37d22936f","name":"","image":{"@type":"ImageObject","@id":"https:\/\/www.cecubogroup.com\/#personlogo","inLanguage":"pt-PT","url":"https:\/\/secure.gravatar.com\/avatar\/?s=96&d=mm&r=g","contentUrl":"https:\/\/secure.gravatar.com\/avatar\/?s=96&d=mm&r=g"},"url":"https:\/\/www.cecubogroup.com\/pt\/blog\/author\/"}]}},"_links":{"self":[{"href":"https:\/\/www.cecubogroup.com\/pt\/wp-json\/wp\/v2\/posts\/6265"}],"collection":[{"href":"https:\/\/www.cecubogroup.com\/pt\/wp-json\/wp\/v2\/posts"}],"about":[{"href":"https:\/\/www.cecubogroup.com\/pt\/wp-json\/wp\/v2\/types\/post"}],"author":[{"embeddable":true,"href":"https:\/\/www.cecubogroup.com\/pt\/wp-json\/wp\/v2\/users\/4"}],"replies":[{"embeddable":true,"href":"https:\/\/www.cecubogroup.com\/pt\/wp-json\/wp\/v2\/comments?post=6265"}],"version-history":[{"count":1,"href":"https:\/\/www.cecubogroup.com\/pt\/wp-json\/wp\/v2\/posts\/6265\/revisions"}],"predecessor-version":[{"id":6781,"href":"https:\/\/www.cecubogroup.com\/pt\/wp-json\/wp\/v2\/posts\/6265\/revisions\/6781"}],"wp:featuredmedia":[{"embeddable":true,"href":"https:\/\/www.cecubogroup.com\/pt\/wp-json\/wp\/v2\/media\/6520"}],"wp:attachment":[{"href":"https:\/\/www.cecubogroup.com\/pt\/wp-json\/wp\/v2\/media?parent=6265"}],"wp:term":[{"taxonomy":"category","embeddable":true,"href":"https:\/\/www.cecubogroup.com\/pt\/wp-json\/wp\/v2\/categories?post=6265"},{"taxonomy":"post_tag","embeddable":true,"href":"https:\/\/www.cecubogroup.com\/pt\/wp-json\/wp\/v2\/tags?post=6265"}],"curies":[{"name":"wp","href":"https:\/\/api.w.org\/{rel}","templated":true}]}}